{"id":12250,"date":"2015-09-19T13:30:31","date_gmt":"2015-09-19T16:30:31","guid":{"rendered":"http:\/\/paulorobertodaradio.com.br\/site\/?p=12250"},"modified":"2015-09-19T13:30:31","modified_gmt":"2015-09-19T16:30:31","slug":"na-justica-hospital-sao-paulo-de-muriae-e-condenado-a-indenizar-paciente-em-r15000","status":"publish","type":"post","link":"http:\/\/paulorobertodaradio.com.br\/site\/?p=12250","title":{"rendered":"NA JUSTI\u00c7A: HOSPITAL S\u00c3O PAULO DE MURIA\u00c9, \u00c9 CONDENADO A INDENIZAR PACIENTE EM R$15,000"},"content":{"rendered":"<p><span style=\"line-height: 1.71429; font-size: 1rem;\"><a href=\"http:\/\/paulorobertodaradio.com.br\/site\/wp-content\/uploads\/2015\/09\/HSP.jpg\"><img loading=\"lazy\" decoding=\"async\" class=\"aligncenter size-full wp-image-12251\" alt=\"HSP\" src=\"http:\/\/paulorobertodaradio.com.br\/site\/wp-content\/uploads\/2015\/09\/HSP.jpg\" width=\"640\" height=\"480\" srcset=\"http:\/\/paulorobertodaradio.com.br\/site\/wp-content\/uploads\/2015\/09\/HSP.jpg 640w, http:\/\/paulorobertodaradio.com.br\/site\/wp-content\/uploads\/2015\/09\/HSP-300x225.jpg 300w, http:\/\/paulorobertodaradio.com.br\/site\/wp-content\/uploads\/2015\/09\/HSP-624x468.jpg 624w\" sizes=\"auto, (max-width: 640px) 100vw, 640px\" \/><\/a>A Casa de Caridade Muria\u00e9\/Hospital S\u00e3o Paulo foi condenada a indenizar em R$ 15 mil um paciente a quem foi ministrado soro contaminado durante uma interna\u00e7\u00e3o na unidade. A decis\u00e3o \u00e9 da 10\u00aa C\u00e2mara C\u00edvel do Tribunal de Justi\u00e7a de Minas Gerais (TJMG), que reformou parcialmente senten\u00e7a proferida pela 4\u00aa Vara C\u00edvel da Comarca de Muria\u00e9.<\/span><\/p>\n<p>O paciente, um rec\u00e9m-nascido com ent\u00e3o 5 meses, deu entrada no hospital S\u00e3o Paulo, em 10 de novembro de 2007, com um quadro de desidrata\u00e7\u00e3o e diarreia. Foi feito um hemograma na crian\u00e7a e indicado tratamento com soro, por meio intravenoso, com alta prevista para o dia seguinte. Na manh\u00e3 do dia 11 de novembro, o pai da crian\u00e7a observou que o soro ministrado ao beb\u00ea, desde a madrugada, apresentava aspecto turvo.<br \/>\nDe acordo com o pai, em fun\u00e7\u00e3o do ocorrido, a crian\u00e7a desenvolveu pirogenia \u2013 rea\u00e7\u00e3o do organismo \u00e0 introdu\u00e7\u00e3o de soro contaminado por fungos e bact\u00e9rias, quadro que pode evoluir para septicemia (infec\u00e7\u00e3o generalizada). A interna\u00e7\u00e3o da crian\u00e7a se prolongou por mais dois dias. Na Justi\u00e7a, o pai, representando o menino, pediu que a institui\u00e7\u00e3o fosse condenada a indenizar a crian\u00e7a por danos morais.<\/p>\n<p>Em sua defesa, a institui\u00e7\u00e3o afirmou que a an\u00e1lise do conte\u00fado do frasco do soro, determinada pela coordena\u00e7\u00e3o do Controle de Infec\u00e7\u00e3o Hospitalar da unidade, n\u00e3o apresentou qualquer cultura para bact\u00e9ria, germes ou fungos. Disse ainda que a rea\u00e7\u00e3o pirog\u00eanica, ainda que tivesse ocorrido, n\u00e3o gerou nenhum transtorno significativo ao menor e n\u00e3o foi causada por neglig\u00eancia ou imper\u00edcia do corpo cl\u00ednico do hospital, mas sim por endotoxinas presentes no soro, sobras do processo de esteriliza\u00e7\u00e3o do l\u00edquido.<\/p>\n<p>Em primeira inst\u00e2ncia, a institui\u00e7\u00e3o foi condenada a indenizar o paciente em R$ 6 mil. No recurso ao TJMG, afirmou que a assist\u00eancia prestada ao rec\u00e9m-nascido ocorreu dentro dos ditames da literatura m\u00e9dica e que n\u00e3o houve ato il\u00edcito pass\u00edvel de indeniza\u00e7\u00e3o. Pediu ainda que, se condenada, o valor da indeniza\u00e7\u00e3o fosse reduzido. O pai da crian\u00e7a tamb\u00e9m recorreu, pedindo o aumento do valor da indeniza\u00e7\u00e3o.<\/p>\n<p>Ao analisar os autos, o desembargador relator, Veiga de Oliveira, observou que era inequ\u00edvoca a exist\u00eancia do dano, \u201cn\u00e3o havendo d\u00favida de que, em decorr\u00eancia da aplica\u00e7\u00e3o do soro contaminado, o autor teria sofrido pirogenia, rea\u00e7\u00e3o do organismo que pode acarretar graves danos\u201d.<\/p>\n<p>Evidenciada a responsabilidade do hospital, o desembargador relator analisou o valor da indeniza\u00e7\u00e3o, que julgou necess\u00e1rio aumentar para R$ 15 mil, \u201ctendo em vista a grande les\u00e3o ao direito da personalidade do segundo apelante [o beb\u00ea]\u201d.Com informa\u00e7\u00f5es: interligadoonline.com<\/p>\n","protected":false},"excerpt":{"rendered":"<p>A Casa de Caridade Muria\u00e9\/Hospital S\u00e3o Paulo foi condenada a indenizar em R$ 15 mil um paciente a quem foi ministrado soro contaminado durante uma interna\u00e7\u00e3o na unidade. A decis\u00e3o \u00e9 da 10\u00aa C\u00e2mara C\u00edvel do Tribunal de Justi\u00e7a de Minas Gerais (TJMG), que reformou parcialmente senten\u00e7a proferida pela 4\u00aa Vara C\u00edvel da Comarca de [&hellip;]<\/p>\n","protected":false},"author":2,"featured_media":0,"comment_status":"open","ping_status":"open","sticky":false,"template":"","format":"standard","meta":{"footnotes":""},"categories":[1],"tags":[],"class_list":["post-12250","post","type-post","status-publish","format-standard","hentry","category-sem-categoria"],"_links":{"self":[{"href":"http:\/\/paulorobertodaradio.com.br\/site\/index.php?rest_route=\/wp\/v2\/posts\/12250","targetHints":{"allow":["GET"]}}],"collection":[{"href":"http:\/\/paulorobertodaradio.com.br\/site\/index.php?rest_route=\/wp\/v2\/posts"}],"about":[{"href":"http:\/\/paulorobertodaradio.com.br\/site\/index.php?rest_route=\/wp\/v2\/types\/post"}],"author":[{"embeddable":true,"href":"http:\/\/paulorobertodaradio.com.br\/site\/index.php?rest_route=\/wp\/v2\/users\/2"}],"replies":[{"embeddable":true,"href":"http:\/\/paulorobertodaradio.com.br\/site\/index.php?rest_route=%2Fwp%2Fv2%2Fcomments&post=12250"}],"version-history":[{"count":2,"href":"http:\/\/paulorobertodaradio.com.br\/site\/index.php?rest_route=\/wp\/v2\/posts\/12250\/revisions"}],"predecessor-version":[{"id":12253,"href":"http:\/\/paulorobertodaradio.com.br\/site\/index.php?rest_route=\/wp\/v2\/posts\/12250\/revisions\/12253"}],"wp:attachment":[{"href":"http:\/\/paulorobertodaradio.com.br\/site\/index.php?rest_route=%2Fwp%2Fv2%2Fmedia&parent=12250"}],"wp:term":[{"taxonomy":"category","embeddable":true,"href":"http:\/\/paulorobertodaradio.com.br\/site\/index.php?rest_route=%2Fwp%2Fv2%2Fcategories&post=12250"},{"taxonomy":"post_tag","embeddable":true,"href":"http:\/\/paulorobertodaradio.com.br\/site\/index.php?rest_route=%2Fwp%2Fv2%2Ftags&post=12250"}],"curies":[{"name":"wp","href":"https:\/\/api.w.org\/{rel}","templated":true}]}}