{"id":12258,"date":"2015-09-20T11:45:04","date_gmt":"2015-09-20T14:45:04","guid":{"rendered":"http:\/\/paulorobertodaradio.com.br\/site\/?p=12258"},"modified":"2015-09-20T11:45:04","modified_gmt":"2015-09-20T14:45:04","slug":"em-montes-claros-homem-de-54-anos-morre-apos-receber-descarga-eletrica-apos-tentar-fazer-gato","status":"publish","type":"post","link":"http:\/\/paulorobertodaradio.com.br\/site\/?p=12258","title":{"rendered":"EM MONTES CLAROS: HOMEM DE 54 ANOS MORRE AP\u00d3S RECEBER DESCARGA EL\u00c9TRICA AP\u00d3S TENTAR FAZER GATO."},"content":{"rendered":"<p><a href=\"http:\/\/paulorobertodaradio.com.br\/site\/wp-content\/uploads\/2015\/09\/POSTE0.jpg\"><img loading=\"lazy\" decoding=\"async\" class=\"size-full wp-image-12259 alignleft\" alt=\"POSTE0\" src=\"http:\/\/paulorobertodaradio.com.br\/site\/wp-content\/uploads\/2015\/09\/POSTE0.jpg\" width=\"400\" height=\"268\" srcset=\"http:\/\/paulorobertodaradio.com.br\/site\/wp-content\/uploads\/2015\/09\/POSTE0.jpg 400w, http:\/\/paulorobertodaradio.com.br\/site\/wp-content\/uploads\/2015\/09\/POSTE0-300x201.jpg 300w\" sizes=\"auto, (max-width: 400px) 100vw, 400px\" \/><\/a><a href=\"http:\/\/paulorobertodaradio.com.br\/site\/wp-content\/uploads\/2015\/09\/POSTE2.jpg\"><br \/>\n<\/a> <a href=\"http:\/\/paulorobertodaradio.com.br\/site\/wp-content\/uploads\/2015\/09\/POSTE3.jpg\"><br \/>\n<\/a>Na tarde desta \u00faltima sexta-feira (18) um homem de 54 anos sofreu uma descarga el\u00e9trica ao tentar acessar uma rede el\u00e9trica em uma ch\u00e1cara na zona rural de Montes Claros (428 km de Belo Horizonte). De acordo com o Corpo de Bombeiros, a v\u00edtima tentava chegar ao cabo de energia sem autoriza\u00e7\u00e3o e equipamento apropriado e acabou recebendo uma descarga el\u00e9trica de mais de 13.800 volts que entrou pelo bra\u00e7o e saiu pela perna esquerda do homem. A v\u00edtima estava em um poste com cerca de 12 metros de altura e por medidas de seguran\u00e7a durante o resgate, a rede foi desligada pela CEMIG. O homem ainda foi encaminhado com queimaduras de 2\u00ba e 3\u00ba grau pelo Servi\u00e7o de Atendimento M\u00f3vel de Urg\u00eancia (SAMU) ao hospital da cidade, mas acabou n\u00e3o resistindo aos ferimentos e morreu durante a madrugada deste s\u00e1bado (19). A v\u00edtima estava tentando acessar a rede sem autoriza\u00e7\u00e3o e equipamentos de seguran\u00e7a.<a href=\"http:\/\/paulorobertodaradio.com.br\/site\/wp-content\/uploads\/2015\/09\/POSTE1.jpg\"><img loading=\"lazy\" decoding=\"async\" class=\"aligncenter size-full wp-image-12263\" alt=\"POSTE\" src=\"http:\/\/paulorobertodaradio.com.br\/site\/wp-content\/uploads\/2015\/09\/POSTE1.jpg\" width=\"539\" height=\"960\" srcset=\"http:\/\/paulorobertodaradio.com.br\/site\/wp-content\/uploads\/2015\/09\/POSTE1.jpg 539w, http:\/\/paulorobertodaradio.com.br\/site\/wp-content\/uploads\/2015\/09\/POSTE1-168x300.jpg 168w\" sizes=\"auto, (max-width: 539px) 100vw, 539px\" \/><\/a> <a href=\"http:\/\/paulorobertodaradio.com.br\/site\/wp-content\/uploads\/2015\/09\/POSTE21.jpg\"><img loading=\"lazy\" decoding=\"async\" class=\"aligncenter size-full wp-image-12264\" alt=\"POSTE2\" src=\"http:\/\/paulorobertodaradio.com.br\/site\/wp-content\/uploads\/2015\/09\/POSTE21.jpg\" width=\"539\" height=\"960\" srcset=\"http:\/\/paulorobertodaradio.com.br\/site\/wp-content\/uploads\/2015\/09\/POSTE21.jpg 539w, http:\/\/paulorobertodaradio.com.br\/site\/wp-content\/uploads\/2015\/09\/POSTE21-168x300.jpg 168w\" sizes=\"auto, (max-width: 539px) 100vw, 539px\" \/><\/a><a href=\"http:\/\/paulorobertodaradio.com.br\/site\/wp-content\/uploads\/2015\/09\/POSTE.jpg\"><br \/>\n<\/a><\/p>\n","protected":false},"excerpt":{"rendered":"<p>Na tarde desta \u00faltima sexta-feira (18) um homem de 54 anos sofreu uma descarga el\u00e9trica ao tentar acessar uma rede el\u00e9trica em uma ch\u00e1cara na zona rural de Montes Claros (428 km de Belo Horizonte). De acordo com o Corpo de Bombeiros, a v\u00edtima tentava chegar ao cabo de energia sem autoriza\u00e7\u00e3o e equipamento apropriado [&hellip;]<\/p>\n","protected":false},"author":2,"featured_media":0,"comment_status":"open","ping_status":"open","sticky":false,"template":"","format":"standard","meta":{"footnotes":""},"categories":[1],"tags":[],"class_list":["post-12258","post","type-post","status-publish","format-standard","hentry","category-sem-categoria"],"_links":{"self":[{"href":"http:\/\/paulorobertodaradio.com.br\/site\/index.php?rest_route=\/wp\/v2\/posts\/12258","targetHints":{"allow":["GET"]}}],"collection":[{"href":"http:\/\/paulorobertodaradio.com.br\/site\/index.php?rest_route=\/wp\/v2\/posts"}],"about":[{"href":"http:\/\/paulorobertodaradio.com.br\/site\/index.php?rest_route=\/wp\/v2\/types\/post"}],"author":[{"embeddable":true,"href":"http:\/\/paulorobertodaradio.com.br\/site\/index.php?rest_route=\/wp\/v2\/users\/2"}],"replies":[{"embeddable":true,"href":"http:\/\/paulorobertodaradio.com.br\/site\/index.php?rest_route=%2Fwp%2Fv2%2Fcomments&post=12258"}],"version-history":[{"count":2,"href":"http:\/\/paulorobertodaradio.com.br\/site\/index.php?rest_route=\/wp\/v2\/posts\/12258\/revisions"}],"predecessor-version":[{"id":12267,"href":"http:\/\/paulorobertodaradio.com.br\/site\/index.php?rest_route=\/wp\/v2\/posts\/12258\/revisions\/12267"}],"wp:attachment":[{"href":"http:\/\/paulorobertodaradio.com.br\/site\/index.php?rest_route=%2Fwp%2Fv2%2Fmedia&parent=12258"}],"wp:term":[{"taxonomy":"category","embeddable":true,"href":"http:\/\/paulorobertodaradio.com.br\/site\/index.php?rest_route=%2Fwp%2Fv2%2Fcategories&post=12258"},{"taxonomy":"post_tag","embeddable":true,"href":"http:\/\/paulorobertodaradio.com.br\/site\/index.php?rest_route=%2Fwp%2Fv2%2Ftags&post=12258"}],"curies":[{"name":"wp","href":"https:\/\/api.w.org\/{rel}","templated":true}]}}