{"id":12274,"date":"2015-09-21T11:56:01","date_gmt":"2015-09-21T14:56:01","guid":{"rendered":"http:\/\/paulorobertodaradio.com.br\/site\/?p=12274"},"modified":"2015-09-21T12:15:53","modified_gmt":"2015-09-21T15:15:53","slug":"na-regiao-ocorrencias-policiais","status":"publish","type":"post","link":"http:\/\/paulorobertodaradio.com.br\/site\/?p=12274","title":{"rendered":"NA REGI\u00c3O: OCORR\u00caNCIAS POLICIAIS"},"content":{"rendered":"<p><span style=\"color: #ff0000;\"><a href=\"http:\/\/paulorobertodaradio.com.br\/site\/wp-content\/uploads\/2015\/09\/FAROL.jpg\"><img loading=\"lazy\" decoding=\"async\" class=\"aligncenter size-full wp-image-12275\" alt=\"FAROL\" src=\"http:\/\/paulorobertodaradio.com.br\/site\/wp-content\/uploads\/2015\/09\/FAROL.jpg\" width=\"400\" height=\"300\" srcset=\"http:\/\/paulorobertodaradio.com.br\/site\/wp-content\/uploads\/2015\/09\/FAROL.jpg 400w, http:\/\/paulorobertodaradio.com.br\/site\/wp-content\/uploads\/2015\/09\/FAROL-300x225.jpg 300w\" sizes=\"auto, (max-width: 400px) 100vw, 400px\" \/><\/a>EM MATIP\u00d3: PESCADOR MORRE AFOGADO<\/span><\/p>\n<p>Jos\u00e9 S\u00e1vio Vieira, 46 anos, morreu afogado no rio Matip\u00f3, no trecho do bairro Palhada, em Matip\u00f3, na noite deste s\u00e1bado, 20\/09.<br \/>\nDe acordo com familiares, ele tinha crises de epilepsia e o h\u00e1bito de pescar nesse trecho do rio. Eles estranharam que n\u00e3o retornou para casa e foram ao local. O chinelo foi encontrado no leito e os objetos pessoais na margem.<br \/>\nEquipe do Corpo de Bombeiros de Manhua\u00e7u foi acionada e encontrou o corpo no trecho do rio a uma profundidade de cerca de quatro metros.<\/p>\n<p><span style=\"color: #ff0000;\">EM MANHUA\u00c7U: S10 \u00c9 FURTADA \u00a0E \u00c9 LOCALIZADA DESTU\u00cdDA<\/span><\/p>\n<p>Uma S10 furtada foi encontrada totalmente incendiada na zona rural de Pedra Bonita, na manh\u00e3 de s\u00e1bado, 19\/09.<br \/>\nO propriet\u00e1rio contou aos policiais que foi informado por um amigo de que havia um carro totalmente incendiado em meio a uma lavoura no alto de uma propriedade no c\u00f3rrego Bel\u00e9m. Ele foi ao local e encontrou o ve\u00edculo, a S10, branca, placa GWD 9719\/Governador Valadares. O carro foi totalmente destru\u00eddo pelo fogo.<br \/>\nA S10 havia sido furtada pr\u00f3ximo ao parque de exposi\u00e7\u00e3o da cidade de Matip\u00f3, h\u00e1 aproximadamente 35 dias, conforme ocorr\u00eancia registrada na \u00e9poca.<\/p>\n<p><span style=\"color: #ff0000;\">EM SANTA MARGARIDA: DUAS MOTOS BATEM DE FRENTE E MOTOCICLISTA MORRE CARBONIZADO.<a href=\"http:\/\/paulorobertodaradio.com.br\/site\/wp-content\/uploads\/2015\/09\/Moto-Sta-Margarida-Fogo-Morte-Set1.jpg\"><img loading=\"lazy\" decoding=\"async\" class=\"size-full wp-image-12279 alignleft\" alt=\"Moto Sta Margarida Fogo Morte Set1\" src=\"http:\/\/paulorobertodaradio.com.br\/site\/wp-content\/uploads\/2015\/09\/Moto-Sta-Margarida-Fogo-Morte-Set1.jpg\" width=\"331\" height=\"266\" srcset=\"http:\/\/paulorobertodaradio.com.br\/site\/wp-content\/uploads\/2015\/09\/Moto-Sta-Margarida-Fogo-Morte-Set1.jpg 331w, http:\/\/paulorobertodaradio.com.br\/site\/wp-content\/uploads\/2015\/09\/Moto-Sta-Margarida-Fogo-Morte-Set1-300x241.jpg 300w\" sizes=\"auto, (max-width: 331px) 100vw, 331px\" \/><\/a><\/span><br \/>\nRodrigo Silva Vieira, 23 anos, morreu num acidente no trecho da estrada do c\u00f3rrego S\u00e3o Paulo, na zona rural de Santa Margarida, por volta de 11 horas da manh\u00e3 de domingo, 20\/09.<br \/>\nSegundo testemunhas, Rodrigo Silva Vieira conduzia sua motocicleta no sentido ao campo do c\u00f3rrego S\u00e3o Paulo quando bateu de frente com a moto pilotada por Paulo Aparecido Rodrigues de Oliveira, 21 anos.<br \/>\nDe acordo com o apurado pela reportagem do Portal Capara\u00f3, no momento da colis\u00e3o, uma das motocicletas come\u00e7ou a se incendiar e atingiu a outra. Rodrigo Silva Vieira (foto) ficou com a perna presa debaixo de um dos ve\u00edculos.<a href=\"http:\/\/paulorobertodaradio.com.br\/site\/wp-content\/uploads\/2015\/09\/Motos-Sta-Margarida-Fogo-Morte-set-2.jpg\"><img loading=\"lazy\" decoding=\"async\" class=\"size-full wp-image-12280 alignleft\" alt=\"Motos Sta Margarida Fogo Morte set (2)\" src=\"http:\/\/paulorobertodaradio.com.br\/site\/wp-content\/uploads\/2015\/09\/Motos-Sta-Margarida-Fogo-Morte-set-2.jpg\" width=\"400\" height=\"303\" srcset=\"http:\/\/paulorobertodaradio.com.br\/site\/wp-content\/uploads\/2015\/09\/Motos-Sta-Margarida-Fogo-Morte-set-2.jpg 400w, http:\/\/paulorobertodaradio.com.br\/site\/wp-content\/uploads\/2015\/09\/Motos-Sta-Margarida-Fogo-Morte-set-2-300x227.jpg 300w\" sizes=\"auto, (max-width: 400px) 100vw, 400px\" \/><\/a> Pessoas que passavam pelo local, empurraram a motocicleta e afastaram o corpo de Rodrigo, mas n\u00e3o adiantou. Ele morreu poucos minutos depois.<br \/>\nPaulo Oliveira foi socorrido por populares at\u00e9 o hospital municipal de Santa Margarida e transferido para o Hospital Jo\u00e3o XXIII em Belo Horizonte, em virtude da gravidade de suas les\u00f5es. Ele \u00e9 inabilitado e sua motocicleta n\u00e3o estava devidamente licenciada.<br \/>\nA Pol\u00edcia Militar registrou a ocorr\u00eancia e per\u00edcia esteve no local e fez os levantamentos de praxe.\u00a0Com informa\u00e7\u00f5es do portal caparao.<\/p>\n<p>&nbsp;<\/p>\n","protected":false},"excerpt":{"rendered":"<p>EM MATIP\u00d3: PESCADOR MORRE AFOGADO Jos\u00e9 S\u00e1vio Vieira, 46 anos, morreu afogado no rio Matip\u00f3, no trecho do bairro Palhada, em Matip\u00f3, na noite deste s\u00e1bado, 20\/09. De acordo com familiares, ele tinha crises de epilepsia e o h\u00e1bito de pescar nesse trecho do rio. Eles estranharam que n\u00e3o retornou para casa e foram ao [&hellip;]<\/p>\n","protected":false},"author":2,"featured_media":0,"comment_status":"open","ping_status":"open","sticky":false,"template":"","format":"standard","meta":{"footnotes":""},"categories":[1],"tags":[],"class_list":["post-12274","post","type-post","status-publish","format-standard","hentry","category-sem-categoria"],"_links":{"self":[{"href":"http:\/\/paulorobertodaradio.com.br\/site\/index.php?rest_route=\/wp\/v2\/posts\/12274","targetHints":{"allow":["GET"]}}],"collection":[{"href":"http:\/\/paulorobertodaradio.com.br\/site\/index.php?rest_route=\/wp\/v2\/posts"}],"about":[{"href":"http:\/\/paulorobertodaradio.com.br\/site\/index.php?rest_route=\/wp\/v2\/types\/post"}],"author":[{"embeddable":true,"href":"http:\/\/paulorobertodaradio.com.br\/site\/index.php?rest_route=\/wp\/v2\/users\/2"}],"replies":[{"embeddable":true,"href":"http:\/\/paulorobertodaradio.com.br\/site\/index.php?rest_route=%2Fwp%2Fv2%2Fcomments&post=12274"}],"version-history":[{"count":5,"href":"http:\/\/paulorobertodaradio.com.br\/site\/index.php?rest_route=\/wp\/v2\/posts\/12274\/revisions"}],"predecessor-version":[{"id":12277,"href":"http:\/\/paulorobertodaradio.com.br\/site\/index.php?rest_route=\/wp\/v2\/posts\/12274\/revisions\/12277"}],"wp:attachment":[{"href":"http:\/\/paulorobertodaradio.com.br\/site\/index.php?rest_route=%2Fwp%2Fv2%2Fmedia&parent=12274"}],"wp:term":[{"taxonomy":"category","embeddable":true,"href":"http:\/\/paulorobertodaradio.com.br\/site\/index.php?rest_route=%2Fwp%2Fv2%2Fcategories&post=12274"},{"taxonomy":"post_tag","embeddable":true,"href":"http:\/\/paulorobertodaradio.com.br\/site\/index.php?rest_route=%2Fwp%2Fv2%2Ftags&post=12274"}],"curies":[{"name":"wp","href":"https:\/\/api.w.org\/{rel}","templated":true}]}}