{"id":12283,"date":"2015-09-21T12:19:16","date_gmt":"2015-09-21T15:19:16","guid":{"rendered":"http:\/\/paulorobertodaradio.com.br\/site\/?p=12283"},"modified":"2015-09-21T12:19:16","modified_gmt":"2015-09-21T15:19:16","slug":"em-muriae-ex-jogador-do-cruzeiro-corinthians-e-selecao-brasileira-e-apresentado-como-tecnico-do-nacional","status":"publish","type":"post","link":"http:\/\/paulorobertodaradio.com.br\/site\/?p=12283","title":{"rendered":"EM MURIA\u00c9: EX JOGADOR  DO CRUZEIRO, CORINTHIANS E SELE\u00c7\u00c3O BRASILEIRA \u00c9 APRESENTADO COMO T\u00c9CNICO DO NACIONAL."},"content":{"rendered":"<p><span style=\"line-height: 1.71429; font-size: 1rem;\"><a href=\"http:\/\/paulorobertodaradio.com.br\/site\/wp-content\/uploads\/2015\/09\/TECNICO01.jpg\"><img loading=\"lazy\" decoding=\"async\" class=\"aligncenter size-full wp-image-12284\" alt=\"TECNICO01\" src=\"http:\/\/paulorobertodaradio.com.br\/site\/wp-content\/uploads\/2015\/09\/TECNICO01.jpg\" width=\"620\" height=\"374\" srcset=\"http:\/\/paulorobertodaradio.com.br\/site\/wp-content\/uploads\/2015\/09\/TECNICO01.jpg 620w, http:\/\/paulorobertodaradio.com.br\/site\/wp-content\/uploads\/2015\/09\/TECNICO01-300x180.jpg 300w\" sizes=\"auto, (max-width: 620px) 100vw, 620px\" \/><\/a>O ex-jogador Jo\u00e3o Carlos, zagueiro de destaque no Cruzeiro, Corinthians e Sele\u00e7\u00e3o Brasileira \u00e9 o novo t\u00e9cnico do NAC \u2013 Nacional Atl\u00e9tico Clube de Muria\u00e9 \u2013 para a temporada 2016, quando o clube disputar\u00e1 a segunda divis\u00e3o, a mesma do ano passado quando saiu antes de chegar \u00e0 fase final. Jo\u00e3o Carlos foi apresentado pelo presidente do NAC, Dorneles Francisco na manh\u00e3 desta segunda-feira no Est\u00e1dio Soares de Azevedo. Tamb\u00e9m presentes a Comiss\u00e3o T\u00e9cnica, o diretor de futebol, Jos\u00e9 Geraldo Pimentel Rocha e o diretor Adelmo Pinheiro. Jo\u00e3o Carlos j\u00e1 tem experi\u00eancia no futebol mineiro, pois dirigiu equipes no campeonato em suas categorias. O NAC tem uma proposta diferente para a pr\u00f3xima temporada, montar a maioria do plantel com jogadores da base e selecionados de Muria\u00e9 e regi\u00e3o. O grupo est\u00e1 pronto, s\u00e3o 20 jogadores e ser\u00e3o contratados somente para completar o plantel e mesmo assim ser\u00e3o bem escolhidos com a ajuda do Jo\u00e3o Carlos. \u201cTer\u00e1 que ser atletas comprometidos com o clube\u201d, disseram .<a href=\"http:\/\/paulorobertodaradio.com.br\/site\/wp-content\/uploads\/2015\/09\/TECNICO02.jpg\"><img loading=\"lazy\" decoding=\"async\" class=\"aligncenter size-full wp-image-12285\" alt=\"TECNICO02\" src=\"http:\/\/paulorobertodaradio.com.br\/site\/wp-content\/uploads\/2015\/09\/TECNICO02.jpg\" width=\"620\" height=\"409\" srcset=\"http:\/\/paulorobertodaradio.com.br\/site\/wp-content\/uploads\/2015\/09\/TECNICO02.jpg 620w, http:\/\/paulorobertodaradio.com.br\/site\/wp-content\/uploads\/2015\/09\/TECNICO02-300x197.jpg 300w\" sizes=\"auto, (max-width: 620px) 100vw, 620px\" \/><\/a><\/span><\/p>\n<p>Com informa\u00e7\u00f5es do silvanalves.com.br<\/p>\n","protected":false},"excerpt":{"rendered":"<p>O ex-jogador Jo\u00e3o Carlos, zagueiro de destaque no Cruzeiro, Corinthians e Sele\u00e7\u00e3o Brasileira \u00e9 o novo t\u00e9cnico do NAC \u2013 Nacional Atl\u00e9tico Clube de Muria\u00e9 \u2013 para a temporada 2016, quando o clube disputar\u00e1 a segunda divis\u00e3o, a mesma do ano passado quando saiu antes de chegar \u00e0 fase final. Jo\u00e3o Carlos foi apresentado pelo [&hellip;]<\/p>\n","protected":false},"author":2,"featured_media":0,"comment_status":"open","ping_status":"open","sticky":false,"template":"","format":"standard","meta":{"footnotes":""},"categories":[1],"tags":[],"class_list":["post-12283","post","type-post","status-publish","format-standard","hentry","category-sem-categoria"],"_links":{"self":[{"href":"http:\/\/paulorobertodaradio.com.br\/site\/index.php?rest_route=\/wp\/v2\/posts\/12283","targetHints":{"allow":["GET"]}}],"collection":[{"href":"http:\/\/paulorobertodaradio.com.br\/site\/index.php?rest_route=\/wp\/v2\/posts"}],"about":[{"href":"http:\/\/paulorobertodaradio.com.br\/site\/index.php?rest_route=\/wp\/v2\/types\/post"}],"author":[{"embeddable":true,"href":"http:\/\/paulorobertodaradio.com.br\/site\/index.php?rest_route=\/wp\/v2\/users\/2"}],"replies":[{"embeddable":true,"href":"http:\/\/paulorobertodaradio.com.br\/site\/index.php?rest_route=%2Fwp%2Fv2%2Fcomments&post=12283"}],"version-history":[{"count":2,"href":"http:\/\/paulorobertodaradio.com.br\/site\/index.php?rest_route=\/wp\/v2\/posts\/12283\/revisions"}],"predecessor-version":[{"id":12287,"href":"http:\/\/paulorobertodaradio.com.br\/site\/index.php?rest_route=\/wp\/v2\/posts\/12283\/revisions\/12287"}],"wp:attachment":[{"href":"http:\/\/paulorobertodaradio.com.br\/site\/index.php?rest_route=%2Fwp%2Fv2%2Fmedia&parent=12283"}],"wp:term":[{"taxonomy":"category","embeddable":true,"href":"http:\/\/paulorobertodaradio.com.br\/site\/index.php?rest_route=%2Fwp%2Fv2%2Fcategories&post=12283"},{"taxonomy":"post_tag","embeddable":true,"href":"http:\/\/paulorobertodaradio.com.br\/site\/index.php?rest_route=%2Fwp%2Fv2%2Ftags&post=12283"}],"curies":[{"name":"wp","href":"https:\/\/api.w.org\/{rel}","templated":true}]}}