{"id":12299,"date":"2015-09-22T12:18:23","date_gmt":"2015-09-22T15:18:23","guid":{"rendered":"http:\/\/paulorobertodaradio.com.br\/site\/?p=12299"},"modified":"2015-09-22T12:18:23","modified_gmt":"2015-09-22T15:18:23","slug":"em-miradouro-e-no-estado-de-minas-celulares-terao-o-numero-9-a-partir-de-11-de-outubro","status":"publish","type":"post","link":"http:\/\/paulorobertodaradio.com.br\/site\/?p=12299","title":{"rendered":"EM MIRADOURO E NO ESTADO DE MINAS: CELULARES TER\u00c3O O NUMERO 9 A PARTIR DE  11 DE OUTUBRO."},"content":{"rendered":"<p><a href=\"http:\/\/paulorobertodaradio.com.br\/site\/wp-content\/uploads\/2015\/09\/nove.jpg\"><img loading=\"lazy\" decoding=\"async\" class=\"aligncenter size-full wp-image-12300\" alt=\"nove\" src=\"http:\/\/paulorobertodaradio.com.br\/site\/wp-content\/uploads\/2015\/09\/nove.jpg\" width=\"650\" height=\"300\" srcset=\"http:\/\/paulorobertodaradio.com.br\/site\/wp-content\/uploads\/2015\/09\/nove.jpg 650w, http:\/\/paulorobertodaradio.com.br\/site\/wp-content\/uploads\/2015\/09\/nove-300x138.jpg 300w, http:\/\/paulorobertodaradio.com.br\/site\/wp-content\/uploads\/2015\/09\/nove-624x288.jpg 624w\" sizes=\"auto, (max-width: 650px) 100vw, 650px\" \/><\/a>Os n\u00fameros de todos os telefones m\u00f3veis de Miradouro e de todo o estado de Minas Gerais ser\u00e3o alterados para o formato de nove d\u00edgitos, com a inclus\u00e3o do 9 antes do n\u00famero, a partir do dia 11 de outubro. A medida cumpre a resolu\u00e7\u00e3o da Ag\u00eancia Nacional de Telecomunica\u00e7\u00f5es (Anatel) n\u00b0 553, de 14 de dezembro de 2010.<br \/>\nNa primeira fase de implanta\u00e7\u00e3o as chamadas para telefones celulares realizadas com apenas oito d\u00edgitos ainda ser\u00e3o completadas, mas o usu\u00e1rio ouvir\u00e1 uma mensagem orientando sobre o novo formato. Ap\u00f3s o per\u00edodo de transi\u00e7\u00e3o, as discagens com oito d\u00edgitos n\u00e3o ser\u00e3o mais completadas.<br \/>\nO nono d\u00edgito na telefonia m\u00f3vel ser\u00e1 implementado em todo o Brasil at\u00e9 o fim de 2016 e j\u00e1 funciona nos estados de S\u00e3o Paulo, Rio de Janeiro, Esp\u00edrito Santo, Amap\u00e1, Amazonas, Maranh\u00e3o, Par\u00e1 e Roraima. Com a medida, a Anatel busca aumentar a disponibilidade de n\u00fameros na telefonia celular e dar continuidade ao processo de padroniza\u00e7\u00e3o da marca\u00e7\u00e3o das chamadas.<br \/>\nSegundo o cronograma, no dia 11 de outubro deste ano, juntamente com Minas Gerais, os estados de Sergipe e Bahia tamb\u00e9m adotar\u00e3o o formato. Antes disso, em 31 de maio, a medida ser\u00e1 aplicada em outros seis estados: Alagoas, Cear\u00e1, Para\u00edba, Pernambuco, Piau\u00ed e Rio Grande do Norte.<br \/>\nA altera\u00e7\u00e3o no formato do n\u00famero telef\u00f4nico se aplica somente ao Servi\u00e7o M\u00f3vel Pessoal (SMP). Os n\u00fameros de telefones do servi\u00e7o fixo comutado (n\u00fameros iniciados com os algarismos 2, 3, 4, 5 ou 6), e do servi\u00e7o m\u00f3vel especializado (n\u00fameros iniciados com 7) permanecem no atual formato de oito d\u00edgitos.<\/p>\n","protected":false},"excerpt":{"rendered":"<p>Os n\u00fameros de todos os telefones m\u00f3veis de Miradouro e de todo o estado de Minas Gerais ser\u00e3o alterados para o formato de nove d\u00edgitos, com a inclus\u00e3o do 9 antes do n\u00famero, a partir do dia 11 de outubro. A medida cumpre a resolu\u00e7\u00e3o da Ag\u00eancia Nacional de Telecomunica\u00e7\u00f5es (Anatel) n\u00b0 553, de 14 [&hellip;]<\/p>\n","protected":false},"author":2,"featured_media":0,"comment_status":"open","ping_status":"open","sticky":false,"template":"","format":"standard","meta":{"footnotes":""},"categories":[1],"tags":[],"class_list":["post-12299","post","type-post","status-publish","format-standard","hentry","category-sem-categoria"],"_links":{"self":[{"href":"http:\/\/paulorobertodaradio.com.br\/site\/index.php?rest_route=\/wp\/v2\/posts\/12299","targetHints":{"allow":["GET"]}}],"collection":[{"href":"http:\/\/paulorobertodaradio.com.br\/site\/index.php?rest_route=\/wp\/v2\/posts"}],"about":[{"href":"http:\/\/paulorobertodaradio.com.br\/site\/index.php?rest_route=\/wp\/v2\/types\/post"}],"author":[{"embeddable":true,"href":"http:\/\/paulorobertodaradio.com.br\/site\/index.php?rest_route=\/wp\/v2\/users\/2"}],"replies":[{"embeddable":true,"href":"http:\/\/paulorobertodaradio.com.br\/site\/index.php?rest_route=%2Fwp%2Fv2%2Fcomments&post=12299"}],"version-history":[{"count":2,"href":"http:\/\/paulorobertodaradio.com.br\/site\/index.php?rest_route=\/wp\/v2\/posts\/12299\/revisions"}],"predecessor-version":[{"id":12303,"href":"http:\/\/paulorobertodaradio.com.br\/site\/index.php?rest_route=\/wp\/v2\/posts\/12299\/revisions\/12303"}],"wp:attachment":[{"href":"http:\/\/paulorobertodaradio.com.br\/site\/index.php?rest_route=%2Fwp%2Fv2%2Fmedia&parent=12299"}],"wp:term":[{"taxonomy":"category","embeddable":true,"href":"http:\/\/paulorobertodaradio.com.br\/site\/index.php?rest_route=%2Fwp%2Fv2%2Fcategories&post=12299"},{"taxonomy":"post_tag","embeddable":true,"href":"http:\/\/paulorobertodaradio.com.br\/site\/index.php?rest_route=%2Fwp%2Fv2%2Ftags&post=12299"}],"curies":[{"name":"wp","href":"https:\/\/api.w.org\/{rel}","templated":true}]}}