{"id":12302,"date":"2015-09-22T12:21:12","date_gmt":"2015-09-22T15:21:12","guid":{"rendered":"http:\/\/paulorobertodaradio.com.br\/site\/?p=12302"},"modified":"2015-09-22T12:22:26","modified_gmt":"2015-09-22T15:22:26","slug":"oportunidade-de-emprego","status":"publish","type":"post","link":"http:\/\/paulorobertodaradio.com.br\/site\/?p=12302","title":{"rendered":"OPORTUNIDADE DE EMPREGO:"},"content":{"rendered":"<p><a href=\"http:\/\/paulorobertodaradio.com.br\/site\/wp-content\/uploads\/2015\/09\/OPA.jpg\"><img loading=\"lazy\" decoding=\"async\" class=\"aligncenter size-full wp-image-12304\" alt=\"OPA\" src=\"http:\/\/paulorobertodaradio.com.br\/site\/wp-content\/uploads\/2015\/09\/OPA.jpg\" width=\"555\" height=\"465\" srcset=\"http:\/\/paulorobertodaradio.com.br\/site\/wp-content\/uploads\/2015\/09\/OPA.jpg 555w, http:\/\/paulorobertodaradio.com.br\/site\/wp-content\/uploads\/2015\/09\/OPA-300x251.jpg 300w\" sizes=\"auto, (max-width: 555px) 100vw, 555px\" \/><\/a>&#8220;Estamos selecionando profissionais qualificados e capacitados para v\u00e1rios cargos. A contrata\u00e7\u00e3o \u00e9 imediata para trabalho efetivo, necessitamos de pessoas dispostas e com disponibilidade total e imediata.<br \/>\nMande seu curr\u00edculo para o email: rh@redeopa.com.br \u2013 (verifique as exig\u00eancias do cargo).&#8221; <span style=\"color: #ff0000;\">REDE OPA DE SUPERMERCADOS.<\/span><\/p>\n","protected":false},"excerpt":{"rendered":"<p>&#8220;Estamos selecionando profissionais qualificados e capacitados para v\u00e1rios cargos. A contrata\u00e7\u00e3o \u00e9 imediata para trabalho efetivo, necessitamos de pessoas dispostas e com disponibilidade total e imediata. Mande seu curr\u00edculo para o email: rh@redeopa.com.br \u2013 (verifique as exig\u00eancias do cargo).&#8221; REDE OPA DE SUPERMERCADOS.<\/p>\n","protected":false},"author":2,"featured_media":0,"comment_status":"open","ping_status":"open","sticky":false,"template":"","format":"standard","meta":{"footnotes":""},"categories":[1],"tags":[],"class_list":["post-12302","post","type-post","status-publish","format-standard","hentry","category-sem-categoria"],"_links":{"self":[{"href":"http:\/\/paulorobertodaradio.com.br\/site\/index.php?rest_route=\/wp\/v2\/posts\/12302","targetHints":{"allow":["GET"]}}],"collection":[{"href":"http:\/\/paulorobertodaradio.com.br\/site\/index.php?rest_route=\/wp\/v2\/posts"}],"about":[{"href":"http:\/\/paulorobertodaradio.com.br\/site\/index.php?rest_route=\/wp\/v2\/types\/post"}],"author":[{"embeddable":true,"href":"http:\/\/paulorobertodaradio.com.br\/site\/index.php?rest_route=\/wp\/v2\/users\/2"}],"replies":[{"embeddable":true,"href":"http:\/\/paulorobertodaradio.com.br\/site\/index.php?rest_route=%2Fwp%2Fv2%2Fcomments&post=12302"}],"version-history":[{"count":3,"href":"http:\/\/paulorobertodaradio.com.br\/site\/index.php?rest_route=\/wp\/v2\/posts\/12302\/revisions"}],"predecessor-version":[{"id":12306,"href":"http:\/\/paulorobertodaradio.com.br\/site\/index.php?rest_route=\/wp\/v2\/posts\/12302\/revisions\/12306"}],"wp:attachment":[{"href":"http:\/\/paulorobertodaradio.com.br\/site\/index.php?rest_route=%2Fwp%2Fv2%2Fmedia&parent=12302"}],"wp:term":[{"taxonomy":"category","embeddable":true,"href":"http:\/\/paulorobertodaradio.com.br\/site\/index.php?rest_route=%2Fwp%2Fv2%2Fcategories&post=12302"},{"taxonomy":"post_tag","embeddable":true,"href":"http:\/\/paulorobertodaradio.com.br\/site\/index.php?rest_route=%2Fwp%2Fv2%2Ftags&post=12302"}],"curies":[{"name":"wp","href":"https:\/\/api.w.org\/{rel}","templated":true}]}}