{"id":12308,"date":"2015-09-22T12:24:43","date_gmt":"2015-09-22T15:24:43","guid":{"rendered":"http:\/\/paulorobertodaradio.com.br\/site\/?p=12308"},"modified":"2015-09-22T12:24:43","modified_gmt":"2015-09-22T15:24:43","slug":"em-muriae-policia-militar-encontra-cofre-em-terreno-baldio-no-safira","status":"publish","type":"post","link":"http:\/\/paulorobertodaradio.com.br\/site\/?p=12308","title":{"rendered":"EM MURIA\u00c9: POL\u00cdCIA MILITAR ENCONTRA COFRE EM TERRENO BALDIO NO SAFIRA"},"content":{"rendered":"<p><a href=\"http:\/\/paulorobertodaradio.com.br\/site\/wp-content\/uploads\/2015\/09\/COFRE01.jpg\"><img loading=\"lazy\" decoding=\"async\" class=\"aligncenter size-full wp-image-12309\" alt=\"COFRE01\" src=\"http:\/\/paulorobertodaradio.com.br\/site\/wp-content\/uploads\/2015\/09\/COFRE01.jpg\" width=\"620\" height=\"426\" srcset=\"http:\/\/paulorobertodaradio.com.br\/site\/wp-content\/uploads\/2015\/09\/COFRE01.jpg 620w, http:\/\/paulorobertodaradio.com.br\/site\/wp-content\/uploads\/2015\/09\/COFRE01-300x206.jpg 300w\" sizes=\"auto, (max-width: 620px) 100vw, 620px\" \/><\/a>A Pol\u00edcia Militar de Muria\u00e9 foi acionada no in\u00edcio da noite desta segunda-feira e compareceu na Av. Silv\u00e9rio Campos onde um cofre foi encontrado em um terreno baldio. No local os policiais, Sargento Lopes e Cb. Muniz, depararam com o cofre totalmente destru\u00eddo e pode ser o mesmo que foi furtado na madrugada de hoje de uma empresa do bairro Safira, pois estava na mesma regi\u00e3o. O cofre foi recolhido e levado para a DP.<br \/>\n<span style=\"color: #ff0000;\">FURTADO NA MADRUGADA:<\/span> A Pol\u00edcia Militar de Muria\u00e9 foi acionada na manh\u00e3 desta segunda-feira e compareceu em um endere\u00e7o do bairro Safira onde o propriet\u00e1rio de uma empresa relatou que teve o com\u00e9rcio invadido na madrugada e os ladr\u00f5es teriam levado o cofre que deveria estar com cerca de R$ 5 mil. Narrou tamb\u00e9m que a empresa foi furtada duas vezes recentemente. Uma porta foi arrombada para ser retirado o cofre.<a href=\"http:\/\/paulorobertodaradio.com.br\/site\/wp-content\/uploads\/2015\/09\/COFRE02.jpg\"><img loading=\"lazy\" decoding=\"async\" class=\"aligncenter size-full wp-image-12310\" alt=\"COFRE02\" src=\"http:\/\/paulorobertodaradio.com.br\/site\/wp-content\/uploads\/2015\/09\/COFRE02.jpg\" width=\"620\" height=\"465\" srcset=\"http:\/\/paulorobertodaradio.com.br\/site\/wp-content\/uploads\/2015\/09\/COFRE02.jpg 620w, http:\/\/paulorobertodaradio.com.br\/site\/wp-content\/uploads\/2015\/09\/COFRE02-300x225.jpg 300w\" sizes=\"auto, (max-width: 620px) 100vw, 620px\" \/><\/a><\/p>\n<p>Com informa\u00e7\u00f5es do silvanalves.com.br<\/p>\n","protected":false},"excerpt":{"rendered":"<p>A Pol\u00edcia Militar de Muria\u00e9 foi acionada no in\u00edcio da noite desta segunda-feira e compareceu na Av. Silv\u00e9rio Campos onde um cofre foi encontrado em um terreno baldio. No local os policiais, Sargento Lopes e Cb. Muniz, depararam com o cofre totalmente destru\u00eddo e pode ser o mesmo que foi furtado na madrugada de hoje [&hellip;]<\/p>\n","protected":false},"author":2,"featured_media":0,"comment_status":"open","ping_status":"open","sticky":false,"template":"","format":"standard","meta":{"footnotes":""},"categories":[1],"tags":[],"class_list":["post-12308","post","type-post","status-publish","format-standard","hentry","category-sem-categoria"],"_links":{"self":[{"href":"http:\/\/paulorobertodaradio.com.br\/site\/index.php?rest_route=\/wp\/v2\/posts\/12308","targetHints":{"allow":["GET"]}}],"collection":[{"href":"http:\/\/paulorobertodaradio.com.br\/site\/index.php?rest_route=\/wp\/v2\/posts"}],"about":[{"href":"http:\/\/paulorobertodaradio.com.br\/site\/index.php?rest_route=\/wp\/v2\/types\/post"}],"author":[{"embeddable":true,"href":"http:\/\/paulorobertodaradio.com.br\/site\/index.php?rest_route=\/wp\/v2\/users\/2"}],"replies":[{"embeddable":true,"href":"http:\/\/paulorobertodaradio.com.br\/site\/index.php?rest_route=%2Fwp%2Fv2%2Fcomments&post=12308"}],"version-history":[{"count":2,"href":"http:\/\/paulorobertodaradio.com.br\/site\/index.php?rest_route=\/wp\/v2\/posts\/12308\/revisions"}],"predecessor-version":[{"id":12312,"href":"http:\/\/paulorobertodaradio.com.br\/site\/index.php?rest_route=\/wp\/v2\/posts\/12308\/revisions\/12312"}],"wp:attachment":[{"href":"http:\/\/paulorobertodaradio.com.br\/site\/index.php?rest_route=%2Fwp%2Fv2%2Fmedia&parent=12308"}],"wp:term":[{"taxonomy":"category","embeddable":true,"href":"http:\/\/paulorobertodaradio.com.br\/site\/index.php?rest_route=%2Fwp%2Fv2%2Fcategories&post=12308"},{"taxonomy":"post_tag","embeddable":true,"href":"http:\/\/paulorobertodaradio.com.br\/site\/index.php?rest_route=%2Fwp%2Fv2%2Ftags&post=12308"}],"curies":[{"name":"wp","href":"https:\/\/api.w.org\/{rel}","templated":true}]}}