{"id":12322,"date":"2015-09-22T19:26:48","date_gmt":"2015-09-22T22:26:48","guid":{"rendered":"http:\/\/paulorobertodaradio.com.br\/site\/?p=12322"},"modified":"2015-09-22T23:59:33","modified_gmt":"2015-09-23T02:59:33","slug":"em-miradouro-trabalhador-rural-foi-brutalmente-assassinado","status":"publish","type":"post","link":"http:\/\/paulorobertodaradio.com.br\/site\/?p=12322","title":{"rendered":"EM MIRADOURO: TRABALHADOR RURAL FOI BRUTALMENTE ASSASSINADO."},"content":{"rendered":"<p><a href=\"http:\/\/paulorobertodaradio.com.br\/site\/wp-content\/uploads\/2015\/09\/ASSASINATO-MIRADOURO01.jpg\"><img loading=\"lazy\" decoding=\"async\" class=\"aligncenter size-full wp-image-12323\" alt=\"ASSASINATO MIRADOURO01\" src=\"http:\/\/paulorobertodaradio.com.br\/site\/wp-content\/uploads\/2015\/09\/ASSASINATO-MIRADOURO01.jpg\" width=\"564\" height=\"423\" srcset=\"http:\/\/paulorobertodaradio.com.br\/site\/wp-content\/uploads\/2015\/09\/ASSASINATO-MIRADOURO01.jpg 564w, http:\/\/paulorobertodaradio.com.br\/site\/wp-content\/uploads\/2015\/09\/ASSASINATO-MIRADOURO01-300x225.jpg 300w\" sizes=\"auto, (max-width: 564px) 100vw, 564px\" \/><\/a>A Pol\u00edcia Militar de Miradouro foi acionada por volta das 14:25 para comparecer na Zona rural, num s\u00edtio \u00e0 direita as margens da BR 116, sentido a Fervedouro, a 5 Km da cidade, onde registrou o assassinato de \u00c2ngelo Paulo Rodrigues, de 46 anos. Ele teria sido assassinado com tiros na cabe\u00e7a, de espingarda, calibre 12 \u00a0.<\/p>\n<p>Segundo informou a nossa reportagem o Comandante Tenente Marcos do batalh\u00e3o de Polic\u00eda de Miradouro, o homem morava sozinho, e foi encontrado morto pelo seu irm\u00e3o que teria ido encontr\u00e1-lo. N\u00e3o foi apontado nenhum suspeito, mas acredita-se que ele estava chegando em casa quando possivelmente pode ter sido surpreendido no final da noite de Segunda. N\u00e3o se descarta a possibilidade de um \u00a0latroc\u00ednio (roubo seguido de morte) , j\u00e1 que seu ve\u00edculo, um\u00a0Peugeot, cinza teria sido encontrado na manh\u00e3 de hoje, numa estrada rural de Capitinga (pr\u00f3ximo a Itamuri , zona rural de Muria\u00e9).<\/p>\n<p>Entramos em contato com a PAX Squetini, funer\u00e1ria que far\u00e1 o servi\u00e7o de vel\u00f3rio, e eles disseram que o corpo ainda estava em Muria\u00e9 no IML, e assim que tiverem informa\u00e7\u00f5es do vel\u00f3rio estaremos informando aqui.<\/p>\n<p><span style=\"color: #ff0000;\">O CORPO EST\u00c1 SENDO VELADO NA CAPELA DO PAX SQUETINI, DE ONDE SA\u00cdRA AS 09:00 DESTA QUARTA\u00a0<\/span><span style=\"color: #ff0000;\">PARA O SEPULTAMENTO NO CEMIT\u00c9RIO LOCAL DE MIRADOURO. NOSSOS SENTIMENTOS AOS FAMILIARES, QUE JESUS DE FOR\u00c7AS NESTE MOMENTO T\u00c3O TRISTE.<\/span><\/p>\n<p><em id=\"__mceDel\"><a href=\"http:\/\/paulorobertodaradio.com.br\/site\/wp-content\/uploads\/2015\/09\/ASSASINATO-MIRADOURO02.jpg\"><img loading=\"lazy\" decoding=\"async\" class=\"aligncenter size-full wp-image-12324\" alt=\"ASSASINATO MIRADOURO02\" src=\"http:\/\/paulorobertodaradio.com.br\/site\/wp-content\/uploads\/2015\/09\/ASSASINATO-MIRADOURO02.jpg\" width=\"564\" height=\"423\" srcset=\"http:\/\/paulorobertodaradio.com.br\/site\/wp-content\/uploads\/2015\/09\/ASSASINATO-MIRADOURO02.jpg 564w, http:\/\/paulorobertodaradio.com.br\/site\/wp-content\/uploads\/2015\/09\/ASSASINATO-MIRADOURO02-300x225.jpg 300w\" sizes=\"auto, (max-width: 564px) 100vw, 564px\" \/><\/a> <a href=\"http:\/\/paulorobertodaradio.com.br\/site\/wp-content\/uploads\/2015\/09\/ASSASINATO-MIRADOURO03.jpg\"><img loading=\"lazy\" decoding=\"async\" class=\"aligncenter size-full wp-image-12325\" alt=\"ASSASINATO MIRADOURO03\" src=\"http:\/\/paulorobertodaradio.com.br\/site\/wp-content\/uploads\/2015\/09\/ASSASINATO-MIRADOURO03.jpg\" width=\"620\" height=\"465\" srcset=\"http:\/\/paulorobertodaradio.com.br\/site\/wp-content\/uploads\/2015\/09\/ASSASINATO-MIRADOURO03.jpg 620w, http:\/\/paulorobertodaradio.com.br\/site\/wp-content\/uploads\/2015\/09\/ASSASINATO-MIRADOURO03-300x225.jpg 300w\" sizes=\"auto, (max-width: 620px) 100vw, 620px\" \/><\/a> <a href=\"http:\/\/paulorobertodaradio.com.br\/site\/wp-content\/uploads\/2015\/09\/ASSASINATO-MIRADOURO04.jpg\"><img loading=\"lazy\" decoding=\"async\" class=\"aligncenter size-full wp-image-12326\" alt=\"ASSASINATO MIRADOURO04\" src=\"http:\/\/paulorobertodaradio.com.br\/site\/wp-content\/uploads\/2015\/09\/ASSASINATO-MIRADOURO04.jpg\" width=\"620\" height=\"465\" srcset=\"http:\/\/paulorobertodaradio.com.br\/site\/wp-content\/uploads\/2015\/09\/ASSASINATO-MIRADOURO04.jpg 620w, http:\/\/paulorobertodaradio.com.br\/site\/wp-content\/uploads\/2015\/09\/ASSASINATO-MIRADOURO04-300x225.jpg 300w\" sizes=\"auto, (max-width: 620px) 100vw, 620px\" \/><\/a>FOTOS: silvanalves.com.br<\/em><\/p>\n<p>&nbsp;<\/p>\n","protected":false},"excerpt":{"rendered":"<p>A Pol\u00edcia Militar de Miradouro foi acionada por volta das 14:25 para comparecer na Zona rural, num s\u00edtio \u00e0 direita as margens da BR 116, sentido a Fervedouro, a 5 Km da cidade, onde registrou o assassinato de \u00c2ngelo Paulo Rodrigues, de 46 anos. Ele teria sido assassinado com tiros na cabe\u00e7a, de espingarda, calibre [&hellip;]<\/p>\n","protected":false},"author":2,"featured_media":0,"comment_status":"open","ping_status":"open","sticky":false,"template":"","format":"standard","meta":{"footnotes":""},"categories":[1],"tags":[],"class_list":["post-12322","post","type-post","status-publish","format-standard","hentry","category-sem-categoria"],"_links":{"self":[{"href":"http:\/\/paulorobertodaradio.com.br\/site\/index.php?rest_route=\/wp\/v2\/posts\/12322","targetHints":{"allow":["GET"]}}],"collection":[{"href":"http:\/\/paulorobertodaradio.com.br\/site\/index.php?rest_route=\/wp\/v2\/posts"}],"about":[{"href":"http:\/\/paulorobertodaradio.com.br\/site\/index.php?rest_route=\/wp\/v2\/types\/post"}],"author":[{"embeddable":true,"href":"http:\/\/paulorobertodaradio.com.br\/site\/index.php?rest_route=\/wp\/v2\/users\/2"}],"replies":[{"embeddable":true,"href":"http:\/\/paulorobertodaradio.com.br\/site\/index.php?rest_route=%2Fwp%2Fv2%2Fcomments&post=12322"}],"version-history":[{"count":4,"href":"http:\/\/paulorobertodaradio.com.br\/site\/index.php?rest_route=\/wp\/v2\/posts\/12322\/revisions"}],"predecessor-version":[{"id":12329,"href":"http:\/\/paulorobertodaradio.com.br\/site\/index.php?rest_route=\/wp\/v2\/posts\/12322\/revisions\/12329"}],"wp:attachment":[{"href":"http:\/\/paulorobertodaradio.com.br\/site\/index.php?rest_route=%2Fwp%2Fv2%2Fmedia&parent=12322"}],"wp:term":[{"taxonomy":"category","embeddable":true,"href":"http:\/\/paulorobertodaradio.com.br\/site\/index.php?rest_route=%2Fwp%2Fv2%2Fcategories&post=12322"},{"taxonomy":"post_tag","embeddable":true,"href":"http:\/\/paulorobertodaradio.com.br\/site\/index.php?rest_route=%2Fwp%2Fv2%2Ftags&post=12322"}],"curies":[{"name":"wp","href":"https:\/\/api.w.org\/{rel}","templated":true}]}}