{"id":12335,"date":"2015-09-24T08:40:51","date_gmt":"2015-09-24T11:40:51","guid":{"rendered":"http:\/\/paulorobertodaradio.com.br\/site\/?p=12335"},"modified":"2015-09-24T08:40:51","modified_gmt":"2015-09-24T11:40:51","slug":"em-espera-feliz-carro-foi-furtado-e-encontrado-dois-dias-depois-em-manhuacu","status":"publish","type":"post","link":"http:\/\/paulorobertodaradio.com.br\/site\/?p=12335","title":{"rendered":"EM ESPERA FELIZ: CARRO FOI FURTADO E ENCONTRADO DOIS DIAS DEPOIS EM MANHUA\u00c7U"},"content":{"rendered":"<p><span style=\"line-height: 1.71429; font-size: 1rem;\"><a href=\"http:\/\/paulorobertodaradio.com.br\/site\/wp-content\/uploads\/2015\/09\/FAROL.jpg\"><img loading=\"lazy\" decoding=\"async\" class=\"size-full wp-image-12275 alignleft\" alt=\"FAROL\" src=\"http:\/\/paulorobertodaradio.com.br\/site\/wp-content\/uploads\/2015\/09\/FAROL.jpg\" width=\"400\" height=\"300\" srcset=\"http:\/\/paulorobertodaradio.com.br\/site\/wp-content\/uploads\/2015\/09\/FAROL.jpg 400w, http:\/\/paulorobertodaradio.com.br\/site\/wp-content\/uploads\/2015\/09\/FAROL-300x225.jpg 300w\" sizes=\"auto, (max-width: 400px) 100vw, 400px\" \/><\/a>Dois menores infratores foram apreendidos, nessa ter\u00e7a-feira, 22\/09, ap\u00f3s confessarem o furto de um Volkswagen\/Voyage na cidade de Espera Feliz, no domingo. Al\u00e9m do autom\u00f3vel, a Pol\u00edcia Militar apreendeu v\u00e1rios objetos de origem duvidosa.<\/span><\/p>\n<p>Ap\u00f3s receber informa\u00e7\u00f5es sobre dois indiv\u00edduos que estavam transitando pelo distrito de Ponte do Silva, zona rural de Manhua\u00e7u, em um ve\u00edculo Voyage de cor preta, emplacado em Espera Feliz\/MG, o Centro de Opera\u00e7\u00f5es do 11\u00ba Batalh\u00e3o submeteu a placa do ve\u00edculo \u00e0 consulta e constatou que o autom\u00f3vel havia sido furtado h\u00e1 dois dias.<br \/>\nA equipe policial rastreou o ve\u00edculo. O Voyage estava parado em um lote vago.<br \/>\nAo perceberem a presen\u00e7a da PM, dois indiv\u00edduos correram e se esconderam n uma casa. Imediatamente, eles foram alcan\u00e7ados, detidos e identificados como sendo menores. Eles admitiram o furto do carro e disseram que no mesmo dia trouxeram-no para Manhua\u00e7u.<br \/>\nAo vistoriarem o ve\u00edculo, os policiais encontraram uma ro\u00e7adeira com cabo e sem l\u00e2mina; dois protetores e uma l\u00e2mina de ro\u00e7adeira; uma blusa de frio; um par de t\u00eanis; uma lanterna; um \u00f3culos de prote\u00e7\u00e3o em acr\u00edlico; uma ponteira e uma chave para ro\u00e7adeira; um alicate sem marca definida; 08 chaves, sendo quatro de boca, uma de estria e tr\u00eas de fenda; um recipiente contendo dois litros de gasolina.<br \/>\nOs menores foram apreendidos e encaminhados para a delegacia, acompanhados das conselheiras tutelares. Com informa\u00e7\u00f5es do portal caparao.<\/p>\n","protected":false},"excerpt":{"rendered":"<p>Dois menores infratores foram apreendidos, nessa ter\u00e7a-feira, 22\/09, ap\u00f3s confessarem o furto de um Volkswagen\/Voyage na cidade de Espera Feliz, no domingo. Al\u00e9m do autom\u00f3vel, a Pol\u00edcia Militar apreendeu v\u00e1rios objetos de origem duvidosa. Ap\u00f3s receber informa\u00e7\u00f5es sobre dois indiv\u00edduos que estavam transitando pelo distrito de Ponte do Silva, zona rural de Manhua\u00e7u, em um [&hellip;]<\/p>\n","protected":false},"author":2,"featured_media":0,"comment_status":"open","ping_status":"open","sticky":false,"template":"","format":"standard","meta":{"footnotes":""},"categories":[1],"tags":[],"class_list":["post-12335","post","type-post","status-publish","format-standard","hentry","category-sem-categoria"],"_links":{"self":[{"href":"http:\/\/paulorobertodaradio.com.br\/site\/index.php?rest_route=\/wp\/v2\/posts\/12335","targetHints":{"allow":["GET"]}}],"collection":[{"href":"http:\/\/paulorobertodaradio.com.br\/site\/index.php?rest_route=\/wp\/v2\/posts"}],"about":[{"href":"http:\/\/paulorobertodaradio.com.br\/site\/index.php?rest_route=\/wp\/v2\/types\/post"}],"author":[{"embeddable":true,"href":"http:\/\/paulorobertodaradio.com.br\/site\/index.php?rest_route=\/wp\/v2\/users\/2"}],"replies":[{"embeddable":true,"href":"http:\/\/paulorobertodaradio.com.br\/site\/index.php?rest_route=%2Fwp%2Fv2%2Fcomments&post=12335"}],"version-history":[{"count":1,"href":"http:\/\/paulorobertodaradio.com.br\/site\/index.php?rest_route=\/wp\/v2\/posts\/12335\/revisions"}],"predecessor-version":[{"id":12336,"href":"http:\/\/paulorobertodaradio.com.br\/site\/index.php?rest_route=\/wp\/v2\/posts\/12335\/revisions\/12336"}],"wp:attachment":[{"href":"http:\/\/paulorobertodaradio.com.br\/site\/index.php?rest_route=%2Fwp%2Fv2%2Fmedia&parent=12335"}],"wp:term":[{"taxonomy":"category","embeddable":true,"href":"http:\/\/paulorobertodaradio.com.br\/site\/index.php?rest_route=%2Fwp%2Fv2%2Fcategories&post=12335"},{"taxonomy":"post_tag","embeddable":true,"href":"http:\/\/paulorobertodaradio.com.br\/site\/index.php?rest_route=%2Fwp%2Fv2%2Ftags&post=12335"}],"curies":[{"name":"wp","href":"https:\/\/api.w.org\/{rel}","templated":true}]}}