{"id":12337,"date":"2015-09-24T08:45:05","date_gmt":"2015-09-24T11:45:05","guid":{"rendered":"http:\/\/paulorobertodaradio.com.br\/site\/?p=12337"},"modified":"2015-09-24T08:45:05","modified_gmt":"2015-09-24T11:45:05","slug":"em-muriae-47-bpm-apresenta-os-numeros-do-trabalho-da-policia-militar-ate-agora-em-setembro","status":"publish","type":"post","link":"http:\/\/paulorobertodaradio.com.br\/site\/?p=12337","title":{"rendered":"EM MURIA\u00c9: 47 BPM APRESENTA OS N\u00daMEROS DO TRABALHO DA POL\u00cdCIA MILITAR AT\u00c9 AGORA EM SETEMBRO."},"content":{"rendered":"<p><span style=\"line-height: 1.71429; font-size: 1rem;\">\u201cOpera\u00e7\u00e3o Visibilidade\u201d \u00e9 uma das apostas da PM nos locais de incid\u00eancia de crimes<\/span><\/p>\n<p><a href=\"http:\/\/paulorobertodaradio.com.br\/site\/wp-content\/uploads\/2015\/09\/pm_620x446.jpg\"><img loading=\"lazy\" decoding=\"async\" class=\"aligncenter size-full wp-image-12338\" alt=\"pm_620x446\" src=\"http:\/\/paulorobertodaradio.com.br\/site\/wp-content\/uploads\/2015\/09\/pm_620x446.jpg\" width=\"620\" height=\"446\" srcset=\"http:\/\/paulorobertodaradio.com.br\/site\/wp-content\/uploads\/2015\/09\/pm_620x446.jpg 620w, http:\/\/paulorobertodaradio.com.br\/site\/wp-content\/uploads\/2015\/09\/pm_620x446-300x215.jpg 300w\" sizes=\"auto, (max-width: 620px) 100vw, 620px\" \/><\/a>Os n\u00fameros apresentados ontem pelo 47 Batalh\u00e3o da Pol\u00edcia Militar de Muria\u00e9 foram considerados positivos pela corpora\u00e7\u00e3o. Primeiro o comandante Cel. Naz\u00e1rio, juntamente com o subcomandante, Major Andr\u00e9, participaram do \u201cCaf\u00e9 com a Imprensa\u201d e em seguida o Capit\u00e3o Machado passou a todos os n\u00fameros de toda a \u00e1rea do 47 BPM composto por 18 munic\u00edpios em sete Comarcas, onde trabalham 319 militares que atendem 24 horas a uma popula\u00e7\u00e3o estimada em 240 mil habitantes. Em toda a \u00e1rea do BPM foram apreendidas de janeiro a setembro, 262 armas; registrados 225 crimes violentos; 163 roubos e 32 homic\u00eddios (contam apenas as mortes no local).<br \/>\nJ\u00e1 os n\u00fameros de Muria\u00e9 foram apresentados separadamente sendo que de janeiro a setembro foram apreendidas 121 armas de fogo e registrados, 123 crimes violentos; 97 roubos e 12 homic\u00eddios contabilizados (contam apenas as mortes no local), mas Muria\u00e9 foram registrados 19 homic\u00eddios este ano.<br \/>\nDurante a palestra o Capit\u00e3o Machado apresentou um projeto novo que pode ajudar a minimizar a a\u00e7\u00e3o dos bandidos com rela\u00e7\u00e3o a furtos e roubos na cidade, a \u201cOpera\u00e7\u00e3o Visibilidade\u201d presente nos locais com maior incid\u00eancia deste tipo de crime. Os policiais abordam todos os suspeitos que passam pela \u00e1rea. Com informa\u00e7\u00f5es do silvanalves.com.br<\/p>\n","protected":false},"excerpt":{"rendered":"<p>\u201cOpera\u00e7\u00e3o Visibilidade\u201d \u00e9 uma das apostas da PM nos locais de incid\u00eancia de crimes Os n\u00fameros apresentados ontem pelo 47 Batalh\u00e3o da Pol\u00edcia Militar de Muria\u00e9 foram considerados positivos pela corpora\u00e7\u00e3o. Primeiro o comandante Cel. Naz\u00e1rio, juntamente com o subcomandante, Major Andr\u00e9, participaram do \u201cCaf\u00e9 com a Imprensa\u201d e em seguida o Capit\u00e3o Machado passou [&hellip;]<\/p>\n","protected":false},"author":2,"featured_media":0,"comment_status":"open","ping_status":"open","sticky":false,"template":"","format":"standard","meta":{"footnotes":""},"categories":[1],"tags":[],"class_list":["post-12337","post","type-post","status-publish","format-standard","hentry","category-sem-categoria"],"_links":{"self":[{"href":"http:\/\/paulorobertodaradio.com.br\/site\/index.php?rest_route=\/wp\/v2\/posts\/12337","targetHints":{"allow":["GET"]}}],"collection":[{"href":"http:\/\/paulorobertodaradio.com.br\/site\/index.php?rest_route=\/wp\/v2\/posts"}],"about":[{"href":"http:\/\/paulorobertodaradio.com.br\/site\/index.php?rest_route=\/wp\/v2\/types\/post"}],"author":[{"embeddable":true,"href":"http:\/\/paulorobertodaradio.com.br\/site\/index.php?rest_route=\/wp\/v2\/users\/2"}],"replies":[{"embeddable":true,"href":"http:\/\/paulorobertodaradio.com.br\/site\/index.php?rest_route=%2Fwp%2Fv2%2Fcomments&post=12337"}],"version-history":[{"count":1,"href":"http:\/\/paulorobertodaradio.com.br\/site\/index.php?rest_route=\/wp\/v2\/posts\/12337\/revisions"}],"predecessor-version":[{"id":12339,"href":"http:\/\/paulorobertodaradio.com.br\/site\/index.php?rest_route=\/wp\/v2\/posts\/12337\/revisions\/12339"}],"wp:attachment":[{"href":"http:\/\/paulorobertodaradio.com.br\/site\/index.php?rest_route=%2Fwp%2Fv2%2Fmedia&parent=12337"}],"wp:term":[{"taxonomy":"category","embeddable":true,"href":"http:\/\/paulorobertodaradio.com.br\/site\/index.php?rest_route=%2Fwp%2Fv2%2Fcategories&post=12337"},{"taxonomy":"post_tag","embeddable":true,"href":"http:\/\/paulorobertodaradio.com.br\/site\/index.php?rest_route=%2Fwp%2Fv2%2Ftags&post=12337"}],"curies":[{"name":"wp","href":"https:\/\/api.w.org\/{rel}","templated":true}]}}