{"id":12345,"date":"2015-09-25T11:25:44","date_gmt":"2015-09-25T14:25:44","guid":{"rendered":"http:\/\/paulorobertodaradio.com.br\/site\/?p=12345"},"modified":"2015-09-25T11:25:44","modified_gmt":"2015-09-25T14:25:44","slug":"financeiro-prepare-o-bolso-conta-de-luz-pode-ficar-8-mais-cara","status":"publish","type":"post","link":"http:\/\/paulorobertodaradio.com.br\/site\/?p=12345","title":{"rendered":"FINANCEIRO: PREPARE O BOLSO, CONTA DE LUZ PODE FICAR 8% MAIS CARA."},"content":{"rendered":"<p><span style=\"line-height: 1.71429; font-size: 1rem;\"><a href=\"http:\/\/paulorobertodaradio.com.br\/site\/wp-content\/uploads\/2015\/09\/Conta_Energisa.jpg\"><img loading=\"lazy\" decoding=\"async\" class=\"aligncenter size-full wp-image-12346\" alt=\"Conta_Energisa\" src=\"http:\/\/paulorobertodaradio.com.br\/site\/wp-content\/uploads\/2015\/09\/Conta_Energisa.jpg\" width=\"600\" height=\"450\" srcset=\"http:\/\/paulorobertodaradio.com.br\/site\/wp-content\/uploads\/2015\/09\/Conta_Energisa.jpg 600w, http:\/\/paulorobertodaradio.com.br\/site\/wp-content\/uploads\/2015\/09\/Conta_Energisa-300x225.jpg 300w\" sizes=\"auto, (max-width: 600px) 100vw, 600px\" \/><\/a>Foi aprovado pela Ag\u00eancia Nacional de Energia El\u00e9trica (Aneel) uma nova metodologia de cobran\u00e7a da Conta de Desenvolvimento Energ\u00e9tico (CDE), que \u00e9 um encargo cobrado nas contas de luz. Parte da conta, que at\u00e9 ent\u00e3o era paga pelas ind\u00fastrias, ser\u00e1 repassada aos consumidores residenciais, o que pode representar uma alta de at\u00e9 8% nas contas de luz. O impacto no bolso do consumidor ser\u00e1 sentido quando autorizado o reajuste tarif\u00e1rio anual de cada distribuidora de energia.A ag\u00eancia se viu obrigada a rever as regras de cobran\u00e7a da CDE devido a uma decis\u00e3o judicial que desobrigou as empresas de arcar com os valores, movida pela Associa\u00e7\u00e3o Brasileira de Grandes Consumidores Industriais de Energia e de Consumidores Livres (Abrace). A entidade alegou \u201cilegalidade\u201d no sistema de cobran\u00e7a atual. \u201cN\u00e3o \u00e9 do meu intento, n\u00e3o \u00e9 do intento da Aneel, mas a decis\u00e3o judicial tem que ser cumprida\u201d, disse o relator do processo, Andr\u00e9 Pepitone da N\u00f3brega, na reuni\u00e3o da diretoria do \u00f3rg\u00e3o que aprovou a nova metodologia. A Aneel tentou derrubar a liminar, mas teve o primeiro pedido negado pela Justi\u00e7a. A ag\u00eancia, no entanto, promete seguir na batalha judicial para tentar reverter a decis\u00e3o.<\/span><\/p>\n<p><span style=\"color: #ff0000;\">Repasse de R$ 1,6 bilh\u00e3o<\/span><br \/>\nPelos c\u00e1lculos da ag\u00eancia, o cumprimento da decis\u00e3o judicial levar\u00e1 ao repasse anual de R$ 1,6 bilh\u00e3o aos consumidores residenciais. Inicialmente, o valor ser\u00e1 pago pelas distribuidoras de energia, que poder\u00e3o repass\u00e1-lo aos consumidores por meio de reajustes das tarifas. J\u00e1 a ind\u00fastria fica desobrigada a arcar com os valores de forma retroativa a 3 de julho deste ano, que \u00e9 a data da obten\u00e7\u00e3o da liminar na Justi\u00e7a. Os recursos destinados \u00e0 CDE comp\u00f5em um fundo de investimentos para o setor, aplicado, por exemplo, no financiamento de a\u00e7\u00f5es do governo, como o programa Luz para Todos e subs\u00eddios \u00e0 tarifa de fam\u00edlias de baixa renda. O fundo, no valor de R$ 18,9 bilh\u00f5es ao ano, \u00e9 gerido pela Eletrobr\u00e1s, vinculada ao Minist\u00e9rio de Minas e Energia. Com informa\u00e7\u00f5es do tribunademuriae.com.br<\/p>\n","protected":false},"excerpt":{"rendered":"<p>Foi aprovado pela Ag\u00eancia Nacional de Energia El\u00e9trica (Aneel) uma nova metodologia de cobran\u00e7a da Conta de Desenvolvimento Energ\u00e9tico (CDE), que \u00e9 um encargo cobrado nas contas de luz. Parte da conta, que at\u00e9 ent\u00e3o era paga pelas ind\u00fastrias, ser\u00e1 repassada aos consumidores residenciais, o que pode representar uma alta de at\u00e9 8% nas contas [&hellip;]<\/p>\n","protected":false},"author":2,"featured_media":0,"comment_status":"open","ping_status":"open","sticky":false,"template":"","format":"standard","meta":{"footnotes":""},"categories":[1],"tags":[],"class_list":["post-12345","post","type-post","status-publish","format-standard","hentry","category-sem-categoria"],"_links":{"self":[{"href":"http:\/\/paulorobertodaradio.com.br\/site\/index.php?rest_route=\/wp\/v2\/posts\/12345","targetHints":{"allow":["GET"]}}],"collection":[{"href":"http:\/\/paulorobertodaradio.com.br\/site\/index.php?rest_route=\/wp\/v2\/posts"}],"about":[{"href":"http:\/\/paulorobertodaradio.com.br\/site\/index.php?rest_route=\/wp\/v2\/types\/post"}],"author":[{"embeddable":true,"href":"http:\/\/paulorobertodaradio.com.br\/site\/index.php?rest_route=\/wp\/v2\/users\/2"}],"replies":[{"embeddable":true,"href":"http:\/\/paulorobertodaradio.com.br\/site\/index.php?rest_route=%2Fwp%2Fv2%2Fcomments&post=12345"}],"version-history":[{"count":2,"href":"http:\/\/paulorobertodaradio.com.br\/site\/index.php?rest_route=\/wp\/v2\/posts\/12345\/revisions"}],"predecessor-version":[{"id":12348,"href":"http:\/\/paulorobertodaradio.com.br\/site\/index.php?rest_route=\/wp\/v2\/posts\/12345\/revisions\/12348"}],"wp:attachment":[{"href":"http:\/\/paulorobertodaradio.com.br\/site\/index.php?rest_route=%2Fwp%2Fv2%2Fmedia&parent=12345"}],"wp:term":[{"taxonomy":"category","embeddable":true,"href":"http:\/\/paulorobertodaradio.com.br\/site\/index.php?rest_route=%2Fwp%2Fv2%2Fcategories&post=12345"},{"taxonomy":"post_tag","embeddable":true,"href":"http:\/\/paulorobertodaradio.com.br\/site\/index.php?rest_route=%2Fwp%2Fv2%2Ftags&post=12345"}],"curies":[{"name":"wp","href":"https:\/\/api.w.org\/{rel}","templated":true}]}}