{"id":12354,"date":"2015-09-26T00:50:25","date_gmt":"2015-09-26T03:50:25","guid":{"rendered":"http:\/\/paulorobertodaradio.com.br\/site\/?p=12354"},"modified":"2015-09-26T10:21:56","modified_gmt":"2015-09-26T13:21:56","slug":"em-miradouro-rapaz-que-sofreu-tentativa-de-assassinato-no-carnaval-e-dias-atras-no-cruzeiro-e-morto-na-noite-desta-sexta","status":"publish","type":"post","link":"http:\/\/paulorobertodaradio.com.br\/site\/?p=12354","title":{"rendered":"EM MIRADOURO: RAPAZ QUE SOFREU TENTATIVA DE ASSASSINATO NO CARNAVAL, E DIAS ATR\u00c1S NO CRUZEIRO \u00c9 MORTO NA NOITE DESTA SEXTA."},"content":{"rendered":"<p><a href=\"http:\/\/paulorobertodaradio.com.br\/site\/wp-content\/uploads\/2015\/09\/RAPAZ-ASSASSINADO.jpg\"><img loading=\"lazy\" decoding=\"async\" class=\"aligncenter size-full wp-image-12355\" alt=\"RAPAZ ASSASSINADO\" src=\"http:\/\/paulorobertodaradio.com.br\/site\/wp-content\/uploads\/2015\/09\/RAPAZ-ASSASSINADO.jpg\" width=\"640\" height=\"960\" srcset=\"http:\/\/paulorobertodaradio.com.br\/site\/wp-content\/uploads\/2015\/09\/RAPAZ-ASSASSINADO.jpg 640w, http:\/\/paulorobertodaradio.com.br\/site\/wp-content\/uploads\/2015\/09\/RAPAZ-ASSASSINADO-200x300.jpg 200w, http:\/\/paulorobertodaradio.com.br\/site\/wp-content\/uploads\/2015\/09\/RAPAZ-ASSASSINADO-624x936.jpg 624w\" sizes=\"auto, (max-width: 640px) 100vw, 640px\" \/><\/a>Lamentavelmente na noite desta sexta feira mais um assassinato aconteceu em Miradouro, por volta das 22:40. Guilherme Jos\u00e9 de Almeida Miranda, de apenas 19 anos de idade, teria sido chamado na porta de casa, e ao atender foi\u00a0assassinado a tiros e caindo\u00a0no port\u00e3o.<\/p>\n<p>Esse mesmo rapaz teria levado tiros durante o Carnaval de Miradouro, e a menos de um m\u00eas atr\u00e1s levou um tiro nas pernas, tamb\u00e9m no Cruzeiro , e sua irm\u00e3 disse que teria ido a Muria\u00e9 pra pegar um par de muletas pra ele se locomover essa semana.<br \/>\nA per\u00edcia constatou que foram 7 perfura\u00e7\u00f5es no corpo sendo 1 no pesco\u00e7o, 4 no peito e 2 na cabe\u00e7a. Este \u00e9 o segundo homic\u00eddio da semana em Miradouro, e o quarto em praticamente um m\u00eas.<\/p>\n<p><span style=\"line-height: 1.71429; font-size: 1rem;\">Segundo a fam\u00edlia, o corpo dever\u00e1 ser sepultado em Muria\u00e9, onde Guilherme nasceu. Rapidamente v\u00e1rias pessoas se aglomeraram no local . A irm\u00e3 e o irm\u00e3o estavam chocados com a morte do irm\u00e3o, mesmo com o sofrimento atenderam nossa reportagem com todo o respeito, nos cedendo a foto do rapaz falecido. Meus sentimentos \u00e0 fam\u00edlia.<\/span><\/p>\n<p><a href=\"http:\/\/paulorobertodaradio.com.br\/site\/wp-content\/uploads\/2015\/09\/radiome01.jpg\"><img loading=\"lazy\" decoding=\"async\" class=\"aligncenter size-full wp-image-12362\" alt=\"radiome01\" src=\"http:\/\/paulorobertodaradio.com.br\/site\/wp-content\/uploads\/2015\/09\/radiome01.jpg\" width=\"600\" height=\"450\" srcset=\"http:\/\/paulorobertodaradio.com.br\/site\/wp-content\/uploads\/2015\/09\/radiome01.jpg 600w, http:\/\/paulorobertodaradio.com.br\/site\/wp-content\/uploads\/2015\/09\/radiome01-300x225.jpg 300w\" sizes=\"auto, (max-width: 600px) 100vw, 600px\" \/><\/a> <a href=\"http:\/\/paulorobertodaradio.com.br\/site\/wp-content\/uploads\/2015\/09\/radiome02.jpg\"><img loading=\"lazy\" decoding=\"async\" class=\"aligncenter size-full wp-image-12363\" alt=\"radiome02\" src=\"http:\/\/paulorobertodaradio.com.br\/site\/wp-content\/uploads\/2015\/09\/radiome02.jpg\" width=\"600\" height=\"450\" srcset=\"http:\/\/paulorobertodaradio.com.br\/site\/wp-content\/uploads\/2015\/09\/radiome02.jpg 600w, http:\/\/paulorobertodaradio.com.br\/site\/wp-content\/uploads\/2015\/09\/radiome02-300x225.jpg 300w\" sizes=\"auto, (max-width: 600px) 100vw, 600px\" \/><\/a> <a href=\"http:\/\/paulorobertodaradio.com.br\/site\/wp-content\/uploads\/2015\/09\/radiome03.jpg\"><img loading=\"lazy\" decoding=\"async\" class=\"aligncenter size-full wp-image-12364\" alt=\"radiome03\" src=\"http:\/\/paulorobertodaradio.com.br\/site\/wp-content\/uploads\/2015\/09\/radiome03.jpg\" width=\"600\" height=\"450\" srcset=\"http:\/\/paulorobertodaradio.com.br\/site\/wp-content\/uploads\/2015\/09\/radiome03.jpg 600w, http:\/\/paulorobertodaradio.com.br\/site\/wp-content\/uploads\/2015\/09\/radiome03-300x225.jpg 300w\" sizes=\"auto, (max-width: 600px) 100vw, 600px\" \/><\/a><\/p>\n<p>Colabora\u00e7\u00e3o na reportagem: R\u00e1dio Muria\u00e9.<\/p>\n","protected":false},"excerpt":{"rendered":"<p>Lamentavelmente na noite desta sexta feira mais um assassinato aconteceu em Miradouro, por volta das 22:40. Guilherme Jos\u00e9 de Almeida Miranda, de apenas 19 anos de idade, teria sido chamado na porta de casa, e ao atender foi\u00a0assassinado a tiros e caindo\u00a0no port\u00e3o. Esse mesmo rapaz teria levado tiros durante o Carnaval de Miradouro, e [&hellip;]<\/p>\n","protected":false},"author":2,"featured_media":0,"comment_status":"open","ping_status":"open","sticky":false,"template":"","format":"standard","meta":{"footnotes":""},"categories":[1],"tags":[],"class_list":["post-12354","post","type-post","status-publish","format-standard","hentry","category-sem-categoria"],"_links":{"self":[{"href":"http:\/\/paulorobertodaradio.com.br\/site\/index.php?rest_route=\/wp\/v2\/posts\/12354","targetHints":{"allow":["GET"]}}],"collection":[{"href":"http:\/\/paulorobertodaradio.com.br\/site\/index.php?rest_route=\/wp\/v2\/posts"}],"about":[{"href":"http:\/\/paulorobertodaradio.com.br\/site\/index.php?rest_route=\/wp\/v2\/types\/post"}],"author":[{"embeddable":true,"href":"http:\/\/paulorobertodaradio.com.br\/site\/index.php?rest_route=\/wp\/v2\/users\/2"}],"replies":[{"embeddable":true,"href":"http:\/\/paulorobertodaradio.com.br\/site\/index.php?rest_route=%2Fwp%2Fv2%2Fcomments&post=12354"}],"version-history":[{"count":8,"href":"http:\/\/paulorobertodaradio.com.br\/site\/index.php?rest_route=\/wp\/v2\/posts\/12354\/revisions"}],"predecessor-version":[{"id":12357,"href":"http:\/\/paulorobertodaradio.com.br\/site\/index.php?rest_route=\/wp\/v2\/posts\/12354\/revisions\/12357"}],"wp:attachment":[{"href":"http:\/\/paulorobertodaradio.com.br\/site\/index.php?rest_route=%2Fwp%2Fv2%2Fmedia&parent=12354"}],"wp:term":[{"taxonomy":"category","embeddable":true,"href":"http:\/\/paulorobertodaradio.com.br\/site\/index.php?rest_route=%2Fwp%2Fv2%2Fcategories&post=12354"},{"taxonomy":"post_tag","embeddable":true,"href":"http:\/\/paulorobertodaradio.com.br\/site\/index.php?rest_route=%2Fwp%2Fv2%2Ftags&post=12354"}],"curies":[{"name":"wp","href":"https:\/\/api.w.org\/{rel}","templated":true}]}}