{"id":12370,"date":"2015-09-26T13:34:05","date_gmt":"2015-09-26T16:34:05","guid":{"rendered":"http:\/\/paulorobertodaradio.com.br\/site\/?p=12370"},"modified":"2015-09-26T13:34:05","modified_gmt":"2015-09-26T16:34:05","slug":"em-leopoldina-crime-contra-crianca-de-4-anos-choca-a-polulacao","status":"publish","type":"post","link":"http:\/\/paulorobertodaradio.com.br\/site\/?p=12370","title":{"rendered":"EM LEOPOLDINA: CRIME CONTRA CRIAN\u00c7A DE 4 ANOS CHOCA A POLULA\u00c7\u00c3O"},"content":{"rendered":"<p><a href=\"http:\/\/paulorobertodaradio.com.br\/site\/wp-content\/uploads\/2015\/09\/CRIME-LEOPO01.jpg\"><img loading=\"lazy\" decoding=\"async\" class=\"size-full wp-image-12371 alignleft\" alt=\"CRIME LEOPO01\" src=\"http:\/\/paulorobertodaradio.com.br\/site\/wp-content\/uploads\/2015\/09\/CRIME-LEOPO01.jpg\" width=\"300\" height=\"300\" srcset=\"http:\/\/paulorobertodaradio.com.br\/site\/wp-content\/uploads\/2015\/09\/CRIME-LEOPO01.jpg 300w, http:\/\/paulorobertodaradio.com.br\/site\/wp-content\/uploads\/2015\/09\/CRIME-LEOPO01-150x150.jpg 150w\" sizes=\"auto, (max-width: 300px) 100vw, 300px\" \/><\/a>Uma menina de 4 anos de idade, identificada como \u00c9rica, foi encontrada morta na manh\u00e3 deste s\u00e1bado, no bairro Popular, em Leopoldina, pr\u00f3ximo a um barranco na rua Dr. Jos\u00e9 de Melo Lima J\u00fanior, onde ela residia com a fam\u00edlia. A Pol\u00edcia Militar foi acionada por volta das 7hs e compareceu no local. Uma unidade do SAMU e outra do 4\u00ba Pelot\u00e3o do Corpo de Bombeiros Militar tamb\u00e9m foram mobilizadas. Segundo informa\u00e7\u00f5es obtidas no local, a crian\u00e7a estava sem roupas e com sinais de viol\u00eancia. O suspeito, conhecido pelo apelido de Bolinha, teria sido visto pela irm\u00e3 mais velha da v\u00edtima no momento em que ele sa\u00eda da resid\u00eancia com a crian\u00e7a, detalhe que foi relatado quando a m\u00e3e de \u00c9rica acordou e deu por falta da filha. Vizinhos teriam visto o suspeito na noite anterior e comentaram que ele era conhecido da fam\u00edlia. De acordo com o delegado de plant\u00e3o, M\u00e1rcio Rocha, buscas est\u00e3o sendo feitas na resid\u00eancia de Bolinha, onde uma bermuda suja de sangue teria sido encontrada e encaminhada para a per\u00edcia para fazer a confronta\u00e7\u00e3o de DNA. \u201cEstamos \u00e0 procura do suspeito para lev\u00e1-lo para a Delegacia e interrog\u00e1-lo\u201d, afirmou o delegado. A Pol\u00edcia Civil realizou os servi\u00e7os de Per\u00edcia e ap\u00f3s o corpo ser removido do local pelos Bombeiros Militares, foi levado para o IML. Um intenso rastreamento na cidade est\u00e1 sendo feito pela PM.<a href=\"http:\/\/paulorobertodaradio.com.br\/site\/wp-content\/uploads\/2015\/09\/CRIME-LEOPO02.jpg\"><img loading=\"lazy\" decoding=\"async\" class=\"aligncenter size-full wp-image-12372\" alt=\"CRIME LEOPO02\" src=\"http:\/\/paulorobertodaradio.com.br\/site\/wp-content\/uploads\/2015\/09\/CRIME-LEOPO02.jpg\" width=\"564\" height=\"364\" srcset=\"http:\/\/paulorobertodaradio.com.br\/site\/wp-content\/uploads\/2015\/09\/CRIME-LEOPO02.jpg 564w, http:\/\/paulorobertodaradio.com.br\/site\/wp-content\/uploads\/2015\/09\/CRIME-LEOPO02-300x193.jpg 300w\" sizes=\"auto, (max-width: 564px) 100vw, 564px\" \/><\/a><a href=\"http:\/\/paulorobertodaradio.com.br\/site\/wp-content\/uploads\/2015\/09\/CRIME-LEOPO03.png\"><img loading=\"lazy\" decoding=\"async\" class=\"aligncenter size-full wp-image-12373\" alt=\"CRIME LEOPO03\" src=\"http:\/\/paulorobertodaradio.com.br\/site\/wp-content\/uploads\/2015\/09\/CRIME-LEOPO03.png\" width=\"564\" height=\"393\" srcset=\"http:\/\/paulorobertodaradio.com.br\/site\/wp-content\/uploads\/2015\/09\/CRIME-LEOPO03.png 564w, http:\/\/paulorobertodaradio.com.br\/site\/wp-content\/uploads\/2015\/09\/CRIME-LEOPO03-300x209.png 300w\" sizes=\"auto, (max-width: 564px) 100vw, 564px\" \/><\/a><\/p>\n<p>Com informa\u00e7\u00f5es do silvanalves.com.br<\/p>\n","protected":false},"excerpt":{"rendered":"<p>Uma menina de 4 anos de idade, identificada como \u00c9rica, foi encontrada morta na manh\u00e3 deste s\u00e1bado, no bairro Popular, em Leopoldina, pr\u00f3ximo a um barranco na rua Dr. Jos\u00e9 de Melo Lima J\u00fanior, onde ela residia com a fam\u00edlia. A Pol\u00edcia Militar foi acionada por volta das 7hs e compareceu no local. Uma unidade [&hellip;]<\/p>\n","protected":false},"author":2,"featured_media":0,"comment_status":"open","ping_status":"open","sticky":false,"template":"","format":"standard","meta":{"footnotes":""},"categories":[1],"tags":[],"class_list":["post-12370","post","type-post","status-publish","format-standard","hentry","category-sem-categoria"],"_links":{"self":[{"href":"http:\/\/paulorobertodaradio.com.br\/site\/index.php?rest_route=\/wp\/v2\/posts\/12370","targetHints":{"allow":["GET"]}}],"collection":[{"href":"http:\/\/paulorobertodaradio.com.br\/site\/index.php?rest_route=\/wp\/v2\/posts"}],"about":[{"href":"http:\/\/paulorobertodaradio.com.br\/site\/index.php?rest_route=\/wp\/v2\/types\/post"}],"author":[{"embeddable":true,"href":"http:\/\/paulorobertodaradio.com.br\/site\/index.php?rest_route=\/wp\/v2\/users\/2"}],"replies":[{"embeddable":true,"href":"http:\/\/paulorobertodaradio.com.br\/site\/index.php?rest_route=%2Fwp%2Fv2%2Fcomments&post=12370"}],"version-history":[{"count":1,"href":"http:\/\/paulorobertodaradio.com.br\/site\/index.php?rest_route=\/wp\/v2\/posts\/12370\/revisions"}],"predecessor-version":[{"id":12374,"href":"http:\/\/paulorobertodaradio.com.br\/site\/index.php?rest_route=\/wp\/v2\/posts\/12370\/revisions\/12374"}],"wp:attachment":[{"href":"http:\/\/paulorobertodaradio.com.br\/site\/index.php?rest_route=%2Fwp%2Fv2%2Fmedia&parent=12370"}],"wp:term":[{"taxonomy":"category","embeddable":true,"href":"http:\/\/paulorobertodaradio.com.br\/site\/index.php?rest_route=%2Fwp%2Fv2%2Fcategories&post=12370"},{"taxonomy":"post_tag","embeddable":true,"href":"http:\/\/paulorobertodaradio.com.br\/site\/index.php?rest_route=%2Fwp%2Fv2%2Ftags&post=12370"}],"curies":[{"name":"wp","href":"https:\/\/api.w.org\/{rel}","templated":true}]}}