{"id":12421,"date":"2015-09-29T11:49:40","date_gmt":"2015-09-29T14:49:40","guid":{"rendered":"http:\/\/paulorobertodaradio.com.br\/site\/?p=12421"},"modified":"2015-09-29T11:49:52","modified_gmt":"2015-09-29T14:49:52","slug":"em-ibatiba-no-es-mae-e-filho-sao-executados-a-tiros-pai-foi-morto-a-1-ano","status":"publish","type":"post","link":"http:\/\/paulorobertodaradio.com.br\/site\/?p=12421","title":{"rendered":"EM IBATIBA NO ES: M\u00c3E E FILHO S\u00c3O EXECUTADOS A TIROS, PAI FOI MORTO A 1 ANO."},"content":{"rendered":"<p style=\"text-align: left;\"><a href=\"http:\/\/paulorobertodaradio.com.br\/site\/wp-content\/uploads\/2015\/09\/Ricardinho.jpg\"><img loading=\"lazy\" decoding=\"async\" class=\"size-full wp-image-12422 alignleft\" alt=\"Ricardinho\" src=\"http:\/\/paulorobertodaradio.com.br\/site\/wp-content\/uploads\/2015\/09\/Ricardinho.jpg\" width=\"400\" height=\"400\" srcset=\"http:\/\/paulorobertodaradio.com.br\/site\/wp-content\/uploads\/2015\/09\/Ricardinho.jpg 400w, http:\/\/paulorobertodaradio.com.br\/site\/wp-content\/uploads\/2015\/09\/Ricardinho-150x150.jpg 150w, http:\/\/paulorobertodaradio.com.br\/site\/wp-content\/uploads\/2015\/09\/Ricardinho-300x300.jpg 300w\" sizes=\"auto, (max-width: 400px) 100vw, 400px\" \/><\/a>M\u00e3e e filho foram assassinados com requintes de crueldade na noite desde domingo (27\/09), no C\u00f3rrego S\u00e3o Jos\u00e9, na localidade conhecida como C\u00f3rrego dos Rodrigues, Zona Rural de Ibatiba.<br \/>\nNeste domingo, por volta das 21:45, uma atendente do Pronto Socorro de Ibatiba contatou a PM dizendo que uma crian\u00e7a a havia procurado e dito que dois homens teriam assassinado sua m\u00e3e e seu irm\u00e3o no s\u00edtio da fam\u00edlia.<br \/>\nOs corpos de Magna Silva Lau (de 45 anos) e Ricardo Silva Lau (de 16 anos) &#8211;<\/p>\n<p>foram encontrados ca\u00eddos ao ch\u00e3o da garagem, nos fundos da casa onde eles moravam. Havia marcas de tiros nos dois corpos e no corpo de Magna havia tamb\u00e9m marcas de espancamento.<br \/>\nSegundo informa\u00e7\u00f5es da PM, a fam\u00edlia acabara de chegar em casa e estava guardando o ve\u00edculo, um Chevrolet\/Classic, branco, quando um homem desconhecido apareceu e pediu para que sa\u00edssem do ve\u00edculo. Em seguida, atirou contra os dois.<br \/>\nA filha de Magna, uma crian\u00e7a de 11 anos, apesar de muito abalada, afirmou \u00e0 pol\u00edcia que ouviu o assassino perguntando a outra pessoa, que n\u00e3o conseguiu ver, o que faria com ela. Temendo pela sua vida, a menina correu para pedir ajuda e ainda viu o carro da fam\u00edlia ser levado pelos criminosos. O ve\u00edculo j\u00e1 foi encontrado pelos policiais abandonado em uma \u00e1rea rural do munic\u00edpio de Ibatiba.<br \/>\nO marido de Magna, o lavrador Adilson Segal da Silva, de 40 anos, foi assassinado com cinco tiros na madrugada do dia 28 de maio do ano passado, tamb\u00e9m no C\u00f3rrego S\u00e3o Jos\u00e9. Ele estava em uma moto com Magna e Ricardo, que passava mal e estava sendo levado para o hospital. Na ocasi\u00e3o, os bandidos fugiram levando a moto e uma bolsa.<br \/>\nDe acordo com a Pol\u00edcia Militar, alguns familiares e amigos do casal acharam estranha a vers\u00e3o contada por Magna e passaram a suspeitar da participa\u00e7\u00e3o dela no crime. A Pol\u00edcia Civil de Ibatiba investiga o caso. com informa\u00e7\u00f5es do www.portalcaparao.com.br<\/p>\n","protected":false},"excerpt":{"rendered":"<p>M\u00e3e e filho foram assassinados com requintes de crueldade na noite desde domingo (27\/09), no C\u00f3rrego S\u00e3o Jos\u00e9, na localidade conhecida como C\u00f3rrego dos Rodrigues, Zona Rural de Ibatiba. Neste domingo, por volta das 21:45, uma atendente do Pronto Socorro de Ibatiba contatou a PM dizendo que uma crian\u00e7a a havia procurado e dito que [&hellip;]<\/p>\n","protected":false},"author":2,"featured_media":0,"comment_status":"open","ping_status":"open","sticky":false,"template":"","format":"standard","meta":{"footnotes":""},"categories":[1],"tags":[],"class_list":["post-12421","post","type-post","status-publish","format-standard","hentry","category-sem-categoria"],"_links":{"self":[{"href":"http:\/\/paulorobertodaradio.com.br\/site\/index.php?rest_route=\/wp\/v2\/posts\/12421","targetHints":{"allow":["GET"]}}],"collection":[{"href":"http:\/\/paulorobertodaradio.com.br\/site\/index.php?rest_route=\/wp\/v2\/posts"}],"about":[{"href":"http:\/\/paulorobertodaradio.com.br\/site\/index.php?rest_route=\/wp\/v2\/types\/post"}],"author":[{"embeddable":true,"href":"http:\/\/paulorobertodaradio.com.br\/site\/index.php?rest_route=\/wp\/v2\/users\/2"}],"replies":[{"embeddable":true,"href":"http:\/\/paulorobertodaradio.com.br\/site\/index.php?rest_route=%2Fwp%2Fv2%2Fcomments&post=12421"}],"version-history":[{"count":2,"href":"http:\/\/paulorobertodaradio.com.br\/site\/index.php?rest_route=\/wp\/v2\/posts\/12421\/revisions"}],"predecessor-version":[{"id":12424,"href":"http:\/\/paulorobertodaradio.com.br\/site\/index.php?rest_route=\/wp\/v2\/posts\/12421\/revisions\/12424"}],"wp:attachment":[{"href":"http:\/\/paulorobertodaradio.com.br\/site\/index.php?rest_route=%2Fwp%2Fv2%2Fmedia&parent=12421"}],"wp:term":[{"taxonomy":"category","embeddable":true,"href":"http:\/\/paulorobertodaradio.com.br\/site\/index.php?rest_route=%2Fwp%2Fv2%2Fcategories&post=12421"},{"taxonomy":"post_tag","embeddable":true,"href":"http:\/\/paulorobertodaradio.com.br\/site\/index.php?rest_route=%2Fwp%2Fv2%2Ftags&post=12421"}],"curies":[{"name":"wp","href":"https:\/\/api.w.org\/{rel}","templated":true}]}}