{"id":12425,"date":"2015-09-29T11:55:20","date_gmt":"2015-09-29T14:55:20","guid":{"rendered":"http:\/\/paulorobertodaradio.com.br\/site\/?p=12425"},"modified":"2015-09-29T11:55:20","modified_gmt":"2015-09-29T14:55:20","slug":"em-bh-selecinados-os-10-melhores-cafes-do-brasil","status":"publish","type":"post","link":"http:\/\/paulorobertodaradio.com.br\/site\/?p=12425","title":{"rendered":"EM BH: SELECINADOS OS 10 MELHORES CAF\u00c9S DO BRASIL."},"content":{"rendered":"<p><span style=\"line-height: 1.71429; font-size: 1rem;\"><a href=\"http:\/\/paulorobertodaradio.com.br\/site\/wp-content\/uploads\/2015\/09\/coffeee.jpg\"><img loading=\"lazy\" decoding=\"async\" class=\"aligncenter size-full wp-image-12426\" alt=\"coffeee\" src=\"http:\/\/paulorobertodaradio.com.br\/site\/wp-content\/uploads\/2015\/09\/coffeee.jpg\" width=\"640\" height=\"427\" srcset=\"http:\/\/paulorobertodaradio.com.br\/site\/wp-content\/uploads\/2015\/09\/coffeee.jpg 640w, http:\/\/paulorobertodaradio.com.br\/site\/wp-content\/uploads\/2015\/09\/coffeee-300x200.jpg 300w, http:\/\/paulorobertodaradio.com.br\/site\/wp-content\/uploads\/2015\/09\/coffeee-624x416.jpg 624w\" sizes=\"auto, (max-width: 640px) 100vw, 640px\" \/><\/a>O melhor caf\u00e9 do ano foi revelado na noite deste s\u00e1bado (26\/9), na Semana Internacional do Caf\u00e9, em Belo Horizonte.<span style=\"color: #ff0000;\"> ARAPONGAS TEVE 4 PREMIADOS.<\/span><\/span><\/p>\n<p>Foram 122 amostras enviadas por produtores de todo o pa\u00eds e provadas por classificadores nacionais, em uma an\u00e1lise \u00e0s cegas, segundo protocolos da Specialty Coffee Association of America (SCAA). Para o Coffee of The Year (COY), foram selecionadas 10 amostras, que ficaram dispon\u00edveis para vota\u00e7\u00e3o do p\u00fablico durante os tr\u00eas dias da Semana. O grande ganhador, com a sigla TAV, foi Clayton B. Monteiro, da Fazenda Ninho da \u00c1guia, Alto Capara\u00f3 (MG).<\/p>\n<p><a href=\"http:\/\/paulorobertodaradio.com.br\/site\/wp-content\/uploads\/2015\/09\/clayton.jpg\"><img loading=\"lazy\" decoding=\"async\" class=\"aligncenter size-full wp-image-12427\" alt=\"clayton\" src=\"http:\/\/paulorobertodaradio.com.br\/site\/wp-content\/uploads\/2015\/09\/clayton.jpg\" width=\"640\" height=\"427\" srcset=\"http:\/\/paulorobertodaradio.com.br\/site\/wp-content\/uploads\/2015\/09\/clayton.jpg 640w, http:\/\/paulorobertodaradio.com.br\/site\/wp-content\/uploads\/2015\/09\/clayton-300x200.jpg 300w, http:\/\/paulorobertodaradio.com.br\/site\/wp-content\/uploads\/2015\/09\/clayton-624x416.jpg 624w\" sizes=\"auto, (max-width: 640px) 100vw, 640px\" \/><\/a><\/p>\n<p><span style=\"color: #0000ff;\">\u00a0 \u00a0 \u00a0 \u00a0 \u00a0 \u00a0 \u00a0 \u00a0 \u00a0 \u00a0 \u00a0 \u00a0 \u00a0 \u00a0 Cleiton<\/span><\/p>\n<p>\u201cPara cada ano a gente busca fazer algo diferente. Acredito que o caminho para o produtor que busca um campeonato \u00e9 sempre estar trabalhando e principalmente conhecer a sua pr\u00f3pria regi\u00e3o. Procuro acompanhar todos os processos para a produ\u00e7\u00e3o do caf\u00e9, inclusive a secagem. Essa cor aqui n\u00e3o \u00e9 s\u00f3 do surf, n\u00e3o\u201d, brinca Clayton.<\/p>\n<p><em><span style=\"color: #ff0000;\">Os outros caf\u00e9s classificados para o Coffee of The Year 2015 foram:<\/span><\/em><\/p>\n<p>AC Caf\u00e9 \u2013 Fazenda Santa Ros\u00e1lia \u2013 Arax\u00e1 (MG) \u2013 2 \u00b0 lugar (sigla THM)<br \/>\nSamuel In\u00e1cio Lopes \u2013 S\u00edtio Pedra Redonda-Araponga (MG) \u2013 3\u00b0 lugar (sigla MRH)<br \/>\nMaria Simone Prock Borges \u2013 S\u00e3o Gon\u00e7alo do Sapuca\u00ed (MG) \u2013 4\u00b0 lugar (sigla GBS)<br \/>\nSimone A. D. S. Silva \u2013 Araponga (MG)- 5\u00b0 lugar (sigla MLF)<br \/>\nJos\u00e9 Hiroiti Okuyama- Rio Parana\u00edba (MG)- 6\u00b0 lugar (sigla MPS)<br \/>\nMaria Aparecida Milagre \u2013 Araponga (MG)- 7\u00b0 lugar (sigla LYL)<br \/>\nTuffi Bichara-S\u00edtio Cafezal em Flor-Monte Alegre do Sul (SP) \u2013 8\u00b0 lugar (sigla ADV)<br \/>\nJ\u00e9sus Euz\u00e9bio Lopes \u2013 Araponga (MG) \u2013 9\u00b0 lugar (sigla CAF)<br \/>\nFRB Agroneg\u00f3cios LTDA \u2013 S\u00edtio Santa Rita-Piumhi (MG) \u2013 10\u00b0 lugar (sigla AOG)<\/p>\n<p>Todos os produtores que tiveram seus caf\u00e9s classificados para o COY 2015 receberam um certificado do concurso. A iniciativa, este ano, teve o apoio da InovaCaf\u00e9 \u2013 Polo de Tecnologia em Qualidade do Caf\u00e9, da Universidade Federal de Lavras, com coordena\u00e7\u00e3o da professora Rosemary Gualberto Pereira. \u00a0Com informa\u00e7\u00f5es: revistaespresso.com.br<\/p>\n","protected":false},"excerpt":{"rendered":"<p>O melhor caf\u00e9 do ano foi revelado na noite deste s\u00e1bado (26\/9), na Semana Internacional do Caf\u00e9, em Belo Horizonte. ARAPONGAS TEVE 4 PREMIADOS. Foram 122 amostras enviadas por produtores de todo o pa\u00eds e provadas por classificadores nacionais, em uma an\u00e1lise \u00e0s cegas, segundo protocolos da Specialty Coffee Association of America (SCAA). Para o [&hellip;]<\/p>\n","protected":false},"author":2,"featured_media":0,"comment_status":"open","ping_status":"open","sticky":false,"template":"","format":"standard","meta":{"footnotes":""},"categories":[1],"tags":[],"class_list":["post-12425","post","type-post","status-publish","format-standard","hentry","category-sem-categoria"],"_links":{"self":[{"href":"http:\/\/paulorobertodaradio.com.br\/site\/index.php?rest_route=\/wp\/v2\/posts\/12425","targetHints":{"allow":["GET"]}}],"collection":[{"href":"http:\/\/paulorobertodaradio.com.br\/site\/index.php?rest_route=\/wp\/v2\/posts"}],"about":[{"href":"http:\/\/paulorobertodaradio.com.br\/site\/index.php?rest_route=\/wp\/v2\/types\/post"}],"author":[{"embeddable":true,"href":"http:\/\/paulorobertodaradio.com.br\/site\/index.php?rest_route=\/wp\/v2\/users\/2"}],"replies":[{"embeddable":true,"href":"http:\/\/paulorobertodaradio.com.br\/site\/index.php?rest_route=%2Fwp%2Fv2%2Fcomments&post=12425"}],"version-history":[{"count":1,"href":"http:\/\/paulorobertodaradio.com.br\/site\/index.php?rest_route=\/wp\/v2\/posts\/12425\/revisions"}],"predecessor-version":[{"id":12428,"href":"http:\/\/paulorobertodaradio.com.br\/site\/index.php?rest_route=\/wp\/v2\/posts\/12425\/revisions\/12428"}],"wp:attachment":[{"href":"http:\/\/paulorobertodaradio.com.br\/site\/index.php?rest_route=%2Fwp%2Fv2%2Fmedia&parent=12425"}],"wp:term":[{"taxonomy":"category","embeddable":true,"href":"http:\/\/paulorobertodaradio.com.br\/site\/index.php?rest_route=%2Fwp%2Fv2%2Fcategories&post=12425"},{"taxonomy":"post_tag","embeddable":true,"href":"http:\/\/paulorobertodaradio.com.br\/site\/index.php?rest_route=%2Fwp%2Fv2%2Ftags&post=12425"}],"curies":[{"name":"wp","href":"https:\/\/api.w.org\/{rel}","templated":true}]}}