{"id":12429,"date":"2015-09-29T11:58:05","date_gmt":"2015-09-29T14:58:05","guid":{"rendered":"http:\/\/paulorobertodaradio.com.br\/site\/?p=12429"},"modified":"2015-09-29T11:58:24","modified_gmt":"2015-09-29T14:58:24","slug":"em-cataguases-detento-foge-de-presidio-neste-domingo","status":"publish","type":"post","link":"http:\/\/paulorobertodaradio.com.br\/site\/?p=12429","title":{"rendered":"EM CATAGUASES: DETENTO FOGE DE PRES\u00cdDIO NESTE DOMINGO"},"content":{"rendered":"<p><span style=\"line-height: 1.71429; font-size: 1rem;\"><a href=\"http:\/\/paulorobertodaradio.com.br\/site\/wp-content\/uploads\/2015\/09\/DETENTO.jpg\"><img loading=\"lazy\" decoding=\"async\" class=\"aligncenter size-full wp-image-12430\" alt=\"DETENTO\" src=\"http:\/\/paulorobertodaradio.com.br\/site\/wp-content\/uploads\/2015\/09\/DETENTO.jpg\" width=\"614\" height=\"461\" srcset=\"http:\/\/paulorobertodaradio.com.br\/site\/wp-content\/uploads\/2015\/09\/DETENTO.jpg 614w, http:\/\/paulorobertodaradio.com.br\/site\/wp-content\/uploads\/2015\/09\/DETENTO-300x225.jpg 300w\" sizes=\"auto, (max-width: 614px) 100vw, 614px\" \/><\/a>Um preso, identificado como Milas Eduardo da Silva, fugiu do pres\u00eddio de Cataguases na tarde deste domingo, 27 de setembro, e at\u00e9 o fechamento desta edi\u00e7\u00e3o ainda n\u00e3o havia sido recapturado, conforme informa\u00e7\u00f5es obtidas pela reportagem do Site do Marcelo Lopes. O foragido cumpria pena por homic\u00eddio e tr\u00e1fico de drogas, conforme informou a Pol\u00edcia Militar que fez o Boletim de Ocorr\u00eancia de sua fuga.<\/span><\/p>\n<p>De acordo com informa\u00e7\u00f5es prestadas pelos agentes penitenci\u00e1rios aos policiais que registram o B.O., Milas Eduardo estava fazendo faxina na parte externa do pres\u00eddio por volta das 13h45min deste domingo, 27 de setembro, quando empreendeu fuga em dire\u00e7\u00e3o ao bairro Bom Pastor. Dilig\u00eancias realizadas pelos agentes penitenci\u00e1rios em conjunto com a Pol\u00edcia Militar na regi\u00e3o e depois estendidas at\u00e9 Astolfo Dutra, cidade onde morava quando foi preso, n\u00e3o lograram \u00eaxito em localiz\u00e1-lo at\u00e9 o momento, conforme informou a PM nesta manh\u00e3.<\/p>\n<p>A reportagem apurou ainda, nesta segunda-feira, 28, que Milas Eduardo teria aproveitado o momento em que a aten\u00e7\u00e3o dos agentes penitenci\u00e1rios estava voltada para a descoberta de drogas em uma lixeira na entrada do pres\u00eddio para fugir. Ele integrava a equipe de presos que trabalhava para a prefeitura em servi\u00e7os de manuten\u00e7\u00e3o urbana. A Pol\u00edcia Militar orienta a ligar para o telefone 190 se algu\u00e9m tiver informa\u00e7\u00f5es sobre o seu paradeiro.<\/p>\n","protected":false},"excerpt":{"rendered":"<p>Um preso, identificado como Milas Eduardo da Silva, fugiu do pres\u00eddio de Cataguases na tarde deste domingo, 27 de setembro, e at\u00e9 o fechamento desta edi\u00e7\u00e3o ainda n\u00e3o havia sido recapturado, conforme informa\u00e7\u00f5es obtidas pela reportagem do Site do Marcelo Lopes. O foragido cumpria pena por homic\u00eddio e tr\u00e1fico de drogas, conforme informou a Pol\u00edcia [&hellip;]<\/p>\n","protected":false},"author":2,"featured_media":0,"comment_status":"open","ping_status":"open","sticky":false,"template":"","format":"standard","meta":{"footnotes":""},"categories":[1],"tags":[],"class_list":["post-12429","post","type-post","status-publish","format-standard","hentry","category-sem-categoria"],"_links":{"self":[{"href":"http:\/\/paulorobertodaradio.com.br\/site\/index.php?rest_route=\/wp\/v2\/posts\/12429","targetHints":{"allow":["GET"]}}],"collection":[{"href":"http:\/\/paulorobertodaradio.com.br\/site\/index.php?rest_route=\/wp\/v2\/posts"}],"about":[{"href":"http:\/\/paulorobertodaradio.com.br\/site\/index.php?rest_route=\/wp\/v2\/types\/post"}],"author":[{"embeddable":true,"href":"http:\/\/paulorobertodaradio.com.br\/site\/index.php?rest_route=\/wp\/v2\/users\/2"}],"replies":[{"embeddable":true,"href":"http:\/\/paulorobertodaradio.com.br\/site\/index.php?rest_route=%2Fwp%2Fv2%2Fcomments&post=12429"}],"version-history":[{"count":2,"href":"http:\/\/paulorobertodaradio.com.br\/site\/index.php?rest_route=\/wp\/v2\/posts\/12429\/revisions"}],"predecessor-version":[{"id":12432,"href":"http:\/\/paulorobertodaradio.com.br\/site\/index.php?rest_route=\/wp\/v2\/posts\/12429\/revisions\/12432"}],"wp:attachment":[{"href":"http:\/\/paulorobertodaradio.com.br\/site\/index.php?rest_route=%2Fwp%2Fv2%2Fmedia&parent=12429"}],"wp:term":[{"taxonomy":"category","embeddable":true,"href":"http:\/\/paulorobertodaradio.com.br\/site\/index.php?rest_route=%2Fwp%2Fv2%2Fcategories&post=12429"},{"taxonomy":"post_tag","embeddable":true,"href":"http:\/\/paulorobertodaradio.com.br\/site\/index.php?rest_route=%2Fwp%2Fv2%2Ftags&post=12429"}],"curies":[{"name":"wp","href":"https:\/\/api.w.org\/{rel}","templated":true}]}}