{"id":12433,"date":"2015-09-29T12:03:10","date_gmt":"2015-09-29T15:03:10","guid":{"rendered":"http:\/\/paulorobertodaradio.com.br\/site\/?p=12433"},"modified":"2015-09-29T12:41:13","modified_gmt":"2015-09-29T15:41:13","slug":"em-leopoldina-policia-civil-prende-na-manha-de-hoje-homem-suspeito-de-assassina-menina-em-leopoldina","status":"publish","type":"post","link":"http:\/\/paulorobertodaradio.com.br\/site\/?p=12433","title":{"rendered":"EM LEOPOLDINA: POL\u00cdCIA CIVIL PRENDE NA MANH\u00c3 DE HOJE, HOMEM SUSPEITO DE ASSASSINA MENINA EM LEOPOLDINA."},"content":{"rendered":"<p><span style=\"line-height: 1.71429; font-size: 1rem;\"><a href=\"http:\/\/paulorobertodaradio.com.br\/site\/wp-content\/uploads\/2015\/09\/ACUSADOS-MATAR-CR.jpg\"><img loading=\"lazy\" decoding=\"async\" class=\"aligncenter size-full wp-image-12434\" alt=\"ACUSADOS MATAR CR\" src=\"http:\/\/paulorobertodaradio.com.br\/site\/wp-content\/uploads\/2015\/09\/ACUSADOS-MATAR-CR.jpg\" width=\"614\" height=\"1091\" srcset=\"http:\/\/paulorobertodaradio.com.br\/site\/wp-content\/uploads\/2015\/09\/ACUSADOS-MATAR-CR.jpg 614w, http:\/\/paulorobertodaradio.com.br\/site\/wp-content\/uploads\/2015\/09\/ACUSADOS-MATAR-CR-168x300.jpg 168w, http:\/\/paulorobertodaradio.com.br\/site\/wp-content\/uploads\/2015\/09\/ACUSADOS-MATAR-CR-576x1024.jpg 576w\" sizes=\"auto, (max-width: 614px) 100vw, 614px\" \/><\/a><\/span><\/p>\n<p>A Pol\u00edcia de Leopoldina prendeu Jos\u00e9 Carlos da Silva Balbino, de 31 anos, vulgo \u201cBolinha\u201d, suspeito de estuprar e matar por asfixia a menina \u00c9rica Resende Sime\u00e3o de Oliveira, de 4 anos de idade. O crime aconteceu no s\u00e1bado (26) e desde ent\u00e3o os militares e pol\u00edcia civil vem se esfor\u00e7ando para capturar o suspeito. Conforme as primeiras informa\u00e7\u00f5es, ele foi pego pela Pol\u00edcia Civil de Leopoldina nas proximidades do bairro Limoeiro, pr\u00f3ximo de sua resid\u00eancia.<\/p>\n<p>O receio era que \u2018Bolinha fosse linchado. Fragilizado por estar h\u00e1 v\u00e1rios dias sem se alimentar ele n\u00e3o teve condi\u00e7\u00f5es de prestar depoimento em Cataguases e foi transferido para Juiz de Fora onde receber\u00e1 atendimento m\u00e9dico em estabelecimento penal daquela cidade. A Justi\u00e7a decretou sua pris\u00e3o tempor\u00e1ria por 30 dias.<\/p>\n<p>A m\u00e3e da menina, Barbara Resende, comentou que chegou a sua casa por volta das dez horas da noite e foi se deitar com seus filhos. \u201cQuando acordei pela manh\u00e3 s\u00f3 estavam os meus outros dois filhos. Eu perguntei: Keka, cad\u00ea a sua irm\u00e3?\u201d \u2013 \u201cO \u2018Bolinha\u2019 pegou ela m\u00e3e!\u201d Respondeu a irm\u00e3 mais velha. Segundo o delegado de plant\u00e3o da Pol\u00edcia Civil, M\u00e1rcio Rocha, foi realizada uma busca na casa de \u2018Bolinha\u2019, que \u00e9 conhecido da fam\u00edlia da menina, no bairro Limoeiro, onde foi encontrada uma bermuda com supostas manchas de sangue, que foram encaminhadas para exames de confronta\u00e7\u00e3o de DNA. O crime repercutiu nacionalmente e equipes de v\u00e1rias emissoras de televis\u00e3o fizeram a cobertura jornal\u00edstica, al\u00e9m dos principais jornais de Minas Gerais. O crime revoltou a popula\u00e7\u00e3o de Leopoldina, que neste momento est\u00e1 fazendo manifesta\u00e7\u00e3o na porta da 3\u00aa Delegacia Regional de Pol\u00edcia Civil de Leopoldina. O corpo nu da menina com sinais de viol\u00eancia foi encontrado por volta das 9 horas do \u00faltimo s\u00e1bado (26) em um matagal a cerca de 200 metros da casa da menina, na rua Dr. Jos\u00e9 de Melo Lima J\u00fanior, bairro Popular, que fica nas proximidades da BR-116, em Leopoldina. Segundo informa\u00e7\u00f5es, a menina dormia com a m\u00e3e em casa e foi levada a noite por \u201cBolinha\u201d. Quando acordou por volta das 7 horas da manh\u00e3, a m\u00e3e, Barbara Resende, sentiu falta da crian\u00e7a e a filha mais velha disse que ela havia sa\u00eddo com \u201cBolinha\u201d. Ainda segundo informa\u00e7\u00f5es, ele \u00e9 velho conhecido da m\u00e3e da v\u00edtima, motivo pelo qual a crian\u00e7a teria aceitado a sair com ele.<a href=\"http:\/\/paulorobertodaradio.com.br\/site\/wp-content\/uploads\/2015\/09\/BOLINA.jpg\"><img loading=\"lazy\" decoding=\"async\" class=\"aligncenter size-full wp-image-12466\" alt=\"BOLINA\" src=\"http:\/\/paulorobertodaradio.com.br\/site\/wp-content\/uploads\/2015\/09\/BOLINA.jpg\" width=\"600\" height=\"450\" srcset=\"http:\/\/paulorobertodaradio.com.br\/site\/wp-content\/uploads\/2015\/09\/BOLINA.jpg 600w, http:\/\/paulorobertodaradio.com.br\/site\/wp-content\/uploads\/2015\/09\/BOLINA-300x225.jpg 300w\" sizes=\"auto, (max-width: 600px) 100vw, 600px\" \/><\/a><a href=\"http:\/\/paulorobertodaradio.com.br\/site\/wp-content\/uploads\/2015\/09\/policia_civil_prisao_bolinha.jpg\"><img loading=\"lazy\" decoding=\"async\" class=\"aligncenter size-full wp-image-12467\" alt=\"policia_civil_prisao_bolinha\" src=\"http:\/\/paulorobertodaradio.com.br\/site\/wp-content\/uploads\/2015\/09\/policia_civil_prisao_bolinha.jpg\" width=\"600\" height=\"399\" srcset=\"http:\/\/paulorobertodaradio.com.br\/site\/wp-content\/uploads\/2015\/09\/policia_civil_prisao_bolinha.jpg 600w, http:\/\/paulorobertodaradio.com.br\/site\/wp-content\/uploads\/2015\/09\/policia_civil_prisao_bolinha-300x199.jpg 300w\" sizes=\"auto, (max-width: 600px) 100vw, 600px\" \/><\/a><\/p>\n<p>Fonte: M\u00eddia Mineira \/leopoldinense.com.br\/ Marcelo Lopes<\/p>\n<p>&nbsp;<\/p>\n","protected":false},"excerpt":{"rendered":"<p>A Pol\u00edcia de Leopoldina prendeu Jos\u00e9 Carlos da Silva Balbino, de 31 anos, vulgo \u201cBolinha\u201d, suspeito de estuprar e matar por asfixia a menina \u00c9rica Resende Sime\u00e3o de Oliveira, de 4 anos de idade. O crime aconteceu no s\u00e1bado (26) e desde ent\u00e3o os militares e pol\u00edcia civil vem se esfor\u00e7ando para capturar o suspeito. [&hellip;]<\/p>\n","protected":false},"author":2,"featured_media":0,"comment_status":"open","ping_status":"open","sticky":false,"template":"","format":"standard","meta":{"footnotes":""},"categories":[1],"tags":[],"class_list":["post-12433","post","type-post","status-publish","format-standard","hentry","category-sem-categoria"],"_links":{"self":[{"href":"http:\/\/paulorobertodaradio.com.br\/site\/index.php?rest_route=\/wp\/v2\/posts\/12433","targetHints":{"allow":["GET"]}}],"collection":[{"href":"http:\/\/paulorobertodaradio.com.br\/site\/index.php?rest_route=\/wp\/v2\/posts"}],"about":[{"href":"http:\/\/paulorobertodaradio.com.br\/site\/index.php?rest_route=\/wp\/v2\/types\/post"}],"author":[{"embeddable":true,"href":"http:\/\/paulorobertodaradio.com.br\/site\/index.php?rest_route=\/wp\/v2\/users\/2"}],"replies":[{"embeddable":true,"href":"http:\/\/paulorobertodaradio.com.br\/site\/index.php?rest_route=%2Fwp%2Fv2%2Fcomments&post=12433"}],"version-history":[{"count":6,"href":"http:\/\/paulorobertodaradio.com.br\/site\/index.php?rest_route=\/wp\/v2\/posts\/12433\/revisions"}],"predecessor-version":[{"id":12469,"href":"http:\/\/paulorobertodaradio.com.br\/site\/index.php?rest_route=\/wp\/v2\/posts\/12433\/revisions\/12469"}],"wp:attachment":[{"href":"http:\/\/paulorobertodaradio.com.br\/site\/index.php?rest_route=%2Fwp%2Fv2%2Fmedia&parent=12433"}],"wp:term":[{"taxonomy":"category","embeddable":true,"href":"http:\/\/paulorobertodaradio.com.br\/site\/index.php?rest_route=%2Fwp%2Fv2%2Fcategories&post=12433"},{"taxonomy":"post_tag","embeddable":true,"href":"http:\/\/paulorobertodaradio.com.br\/site\/index.php?rest_route=%2Fwp%2Fv2%2Ftags&post=12433"}],"curies":[{"name":"wp","href":"https:\/\/api.w.org\/{rel}","templated":true}]}}