{"id":12448,"date":"2015-09-29T12:22:09","date_gmt":"2015-09-29T15:22:09","guid":{"rendered":"http:\/\/paulorobertodaradio.com.br\/site\/?p=12448"},"modified":"2015-09-29T12:22:09","modified_gmt":"2015-09-29T15:22:09","slug":"em-brumadinho-mg-juiz-em-vez-de-usar-o-cartao-sacou-uma-arma","status":"publish","type":"post","link":"http:\/\/paulorobertodaradio.com.br\/site\/?p=12448","title":{"rendered":"EM BRUMADINHO (MG): JUIZ EM VEZ DE USAR O CART\u00c3O, SACOU UMA ARMA."},"content":{"rendered":"<p><span style=\"line-height: 1.71429; font-size: 1rem;\"><a href=\"http:\/\/paulorobertodaradio.com.br\/site\/wp-content\/uploads\/2015\/09\/juiz.jpg\"><img loading=\"lazy\" decoding=\"async\" class=\"aligncenter size-full wp-image-12449\" alt=\"juiz\" src=\"http:\/\/paulorobertodaradio.com.br\/site\/wp-content\/uploads\/2015\/09\/juiz.jpg\" width=\"932\" height=\"547\" srcset=\"http:\/\/paulorobertodaradio.com.br\/site\/wp-content\/uploads\/2015\/09\/juiz.jpg 932w, http:\/\/paulorobertodaradio.com.br\/site\/wp-content\/uploads\/2015\/09\/juiz-300x176.jpg 300w, http:\/\/paulorobertodaradio.com.br\/site\/wp-content\/uploads\/2015\/09\/juiz-624x366.jpg 624w\" sizes=\"auto, (max-width: 932px) 100vw, 932px\" \/><\/a>Em uma partida de futebol amador em Brumadinho, na Regi\u00e3o Metropolitana de Belo Horizonte, terminou em confus\u00e3o neste fim de semana. A partida entre Amantes da bola e Brumadinho era v\u00e1lida pela Liga de Futebol Amador de Brumadinho. O \u00e1rbitro foi agredido por um jogador e reagiu armado.<\/span><\/p>\n<p>Segundo o presidente da liga, Valdenir de Castro, reservas e o t\u00e9cnico do Amantes da Bola invadiram o campo para cobrar a expuls\u00e3o de um jogador advers\u00e1rio, depois de uma jogada considerada violenta. Um jogador teria, ent\u00e3o, agredido o juiz com um tapa e um chute.<br \/>\nO \u00e1rbitro Gabriel Murta, que segundo a Federa\u00e7\u00e3o Mineira de Futebol (FMF) \u00e9 policial militar, foi at\u00e9 o vesti\u00e1rio e pegou a arma. Ele aparece sendo contido pelos auxiliares. Com medo, o agressor fugiu e, como n\u00e3o havia policiamento na partida, ningu\u00e9m foi preso.<\/p>\n<p>Segundo o chefe da comiss\u00e3o de arbitragem da FMF, Giuliano Bozzano, o \u00e1rbitro Gabriel Murta disse que foi agredido, sentiu-se amea\u00e7ado e buscou a arma para se defender. Ele vai se reunir nesta ter\u00e7a-feira (29) com uma psic\u00f3loga da federa\u00e7\u00e3o e pode ser punido.\u00a0Fonte: G1<\/p>\n","protected":false},"excerpt":{"rendered":"<p>Em uma partida de futebol amador em Brumadinho, na Regi\u00e3o Metropolitana de Belo Horizonte, terminou em confus\u00e3o neste fim de semana. A partida entre Amantes da bola e Brumadinho era v\u00e1lida pela Liga de Futebol Amador de Brumadinho. O \u00e1rbitro foi agredido por um jogador e reagiu armado. Segundo o presidente da liga, Valdenir de [&hellip;]<\/p>\n","protected":false},"author":2,"featured_media":0,"comment_status":"open","ping_status":"open","sticky":false,"template":"","format":"standard","meta":{"footnotes":""},"categories":[1],"tags":[],"class_list":["post-12448","post","type-post","status-publish","format-standard","hentry","category-sem-categoria"],"_links":{"self":[{"href":"http:\/\/paulorobertodaradio.com.br\/site\/index.php?rest_route=\/wp\/v2\/posts\/12448","targetHints":{"allow":["GET"]}}],"collection":[{"href":"http:\/\/paulorobertodaradio.com.br\/site\/index.php?rest_route=\/wp\/v2\/posts"}],"about":[{"href":"http:\/\/paulorobertodaradio.com.br\/site\/index.php?rest_route=\/wp\/v2\/types\/post"}],"author":[{"embeddable":true,"href":"http:\/\/paulorobertodaradio.com.br\/site\/index.php?rest_route=\/wp\/v2\/users\/2"}],"replies":[{"embeddable":true,"href":"http:\/\/paulorobertodaradio.com.br\/site\/index.php?rest_route=%2Fwp%2Fv2%2Fcomments&post=12448"}],"version-history":[{"count":1,"href":"http:\/\/paulorobertodaradio.com.br\/site\/index.php?rest_route=\/wp\/v2\/posts\/12448\/revisions"}],"predecessor-version":[{"id":12450,"href":"http:\/\/paulorobertodaradio.com.br\/site\/index.php?rest_route=\/wp\/v2\/posts\/12448\/revisions\/12450"}],"wp:attachment":[{"href":"http:\/\/paulorobertodaradio.com.br\/site\/index.php?rest_route=%2Fwp%2Fv2%2Fmedia&parent=12448"}],"wp:term":[{"taxonomy":"category","embeddable":true,"href":"http:\/\/paulorobertodaradio.com.br\/site\/index.php?rest_route=%2Fwp%2Fv2%2Fcategories&post=12448"},{"taxonomy":"post_tag","embeddable":true,"href":"http:\/\/paulorobertodaradio.com.br\/site\/index.php?rest_route=%2Fwp%2Fv2%2Ftags&post=12448"}],"curies":[{"name":"wp","href":"https:\/\/api.w.org\/{rel}","templated":true}]}}