{"id":12451,"date":"2015-09-29T12:24:23","date_gmt":"2015-09-29T15:24:23","guid":{"rendered":"http:\/\/paulorobertodaradio.com.br\/site\/?p=12451"},"modified":"2015-09-29T12:24:23","modified_gmt":"2015-09-29T15:24:23","slug":"em-abre-campo-lavrador-e-morto-por-adolescente-na-zona-rural","status":"publish","type":"post","link":"http:\/\/paulorobertodaradio.com.br\/site\/?p=12451","title":{"rendered":"EM ABRE CAMPO: LAVRADOR \u00c9 MORTO POR ADOLESCENTE NA ZONA RURAL."},"content":{"rendered":"<p><a href=\"http:\/\/paulorobertodaradio.com.br\/site\/wp-content\/uploads\/2015\/09\/FAROL.jpg\"><img loading=\"lazy\" decoding=\"async\" class=\"size-full wp-image-12275 alignleft\" alt=\"FAROL\" src=\"http:\/\/paulorobertodaradio.com.br\/site\/wp-content\/uploads\/2015\/09\/FAROL.jpg\" width=\"400\" height=\"300\" srcset=\"http:\/\/paulorobertodaradio.com.br\/site\/wp-content\/uploads\/2015\/09\/FAROL.jpg 400w, http:\/\/paulorobertodaradio.com.br\/site\/wp-content\/uploads\/2015\/09\/FAROL-300x225.jpg 300w\" sizes=\"auto, (max-width: 400px) 100vw, 400px\" \/><\/a><\/p>\n<p><span style=\"line-height: 1.71429; font-size: 1rem;\">O lavrador Edmar Alves Ferreira, 37 anos, foi assassinado no distrito de Granada, em Abre Campo, na manh\u00e3 de segunda-feira, 28\/09.<\/span><\/p>\n<p>A confus\u00e3o come\u00e7ou ainda durante a tarde de domingo. Um adolescente de 16 anos estava na \u00e1rea de lazer do distrito e empurrou a v\u00edtima Paulino Custodio Martins, conhecido como \u201cPaulinho Gog\u00f3&#8221;, 56 anos, que caiu no ch\u00e3o. Edmar Alves interveio na confus\u00e3o e deu um soco na boca do garoto. Todos foram embora.<br \/>\nAo amanhecer nesta segunda, Edmar pegou sua motocicleta e foi at\u00e9 a casa do garoto. Segundo populares informaram \u00e0 pol\u00edcia, para pedir desculpas pela agress\u00e3o.<br \/>\nQuando chegava na frente da resid\u00eancia, o lavrador foi atingido por um tiro no t\u00f3rax. Ele ainda correu uns 200 metros at\u00e9 a estrada, onde caiu sem vida.<br \/>\nO jovem fugiu em seguida e a arma n\u00e3o foi encontrada. A moto da v\u00edtima foi apreendida e o homem que foi ferido no domingo encaminhado para o servi\u00e7o de sa\u00fade. Fonte: portalcaparao.com.br<\/p>\n","protected":false},"excerpt":{"rendered":"<p>O lavrador Edmar Alves Ferreira, 37 anos, foi assassinado no distrito de Granada, em Abre Campo, na manh\u00e3 de segunda-feira, 28\/09. A confus\u00e3o come\u00e7ou ainda durante a tarde de domingo. Um adolescente de 16 anos estava na \u00e1rea de lazer do distrito e empurrou a v\u00edtima Paulino Custodio Martins, conhecido como \u201cPaulinho Gog\u00f3&#8221;, 56 anos, [&hellip;]<\/p>\n","protected":false},"author":2,"featured_media":0,"comment_status":"open","ping_status":"open","sticky":false,"template":"","format":"standard","meta":{"footnotes":""},"categories":[1],"tags":[],"class_list":["post-12451","post","type-post","status-publish","format-standard","hentry","category-sem-categoria"],"_links":{"self":[{"href":"http:\/\/paulorobertodaradio.com.br\/site\/index.php?rest_route=\/wp\/v2\/posts\/12451","targetHints":{"allow":["GET"]}}],"collection":[{"href":"http:\/\/paulorobertodaradio.com.br\/site\/index.php?rest_route=\/wp\/v2\/posts"}],"about":[{"href":"http:\/\/paulorobertodaradio.com.br\/site\/index.php?rest_route=\/wp\/v2\/types\/post"}],"author":[{"embeddable":true,"href":"http:\/\/paulorobertodaradio.com.br\/site\/index.php?rest_route=\/wp\/v2\/users\/2"}],"replies":[{"embeddable":true,"href":"http:\/\/paulorobertodaradio.com.br\/site\/index.php?rest_route=%2Fwp%2Fv2%2Fcomments&post=12451"}],"version-history":[{"count":1,"href":"http:\/\/paulorobertodaradio.com.br\/site\/index.php?rest_route=\/wp\/v2\/posts\/12451\/revisions"}],"predecessor-version":[{"id":12452,"href":"http:\/\/paulorobertodaradio.com.br\/site\/index.php?rest_route=\/wp\/v2\/posts\/12451\/revisions\/12452"}],"wp:attachment":[{"href":"http:\/\/paulorobertodaradio.com.br\/site\/index.php?rest_route=%2Fwp%2Fv2%2Fmedia&parent=12451"}],"wp:term":[{"taxonomy":"category","embeddable":true,"href":"http:\/\/paulorobertodaradio.com.br\/site\/index.php?rest_route=%2Fwp%2Fv2%2Fcategories&post=12451"},{"taxonomy":"post_tag","embeddable":true,"href":"http:\/\/paulorobertodaradio.com.br\/site\/index.php?rest_route=%2Fwp%2Fv2%2Ftags&post=12451"}],"curies":[{"name":"wp","href":"https:\/\/api.w.org\/{rel}","templated":true}]}}