{"id":12461,"date":"2015-09-29T12:33:40","date_gmt":"2015-09-29T15:33:40","guid":{"rendered":"http:\/\/paulorobertodaradio.com.br\/site\/?p=12461"},"modified":"2015-09-29T12:37:48","modified_gmt":"2015-09-29T15:37:48","slug":"em-leopoldina-misael-varella-recebe-homenagem","status":"publish","type":"post","link":"http:\/\/paulorobertodaradio.com.br\/site\/?p=12461","title":{"rendered":"EM LARANJAL: MISAEL VARELLA RECEBE HOMENAGEM."},"content":{"rendered":"<p><a href=\"http:\/\/paulorobertodaradio.com.br\/site\/wp-content\/uploads\/2015\/09\/misael.jpg\"><img loading=\"lazy\" decoding=\"async\" class=\"aligncenter size-full wp-image-12462\" alt=\"misael\" src=\"http:\/\/paulorobertodaradio.com.br\/site\/wp-content\/uploads\/2015\/09\/misael.jpg\" width=\"640\" height=\"480\" srcset=\"http:\/\/paulorobertodaradio.com.br\/site\/wp-content\/uploads\/2015\/09\/misael.jpg 640w, http:\/\/paulorobertodaradio.com.br\/site\/wp-content\/uploads\/2015\/09\/misael-300x225.jpg 300w, http:\/\/paulorobertodaradio.com.br\/site\/wp-content\/uploads\/2015\/09\/misael-624x468.jpg 624w\" sizes=\"auto, (max-width: 640px) 100vw, 640px\" \/><\/a>Deputado Federal Misael Varella recebe t\u00edtulo de Cidad\u00e3o Honor\u00e1rio de Laranjal<br \/>\nmisaelA C\u00e2mara de Vereadores de Laranjal realizou sess\u00e3o solene para a entrega da Cidadania Honor\u00e1ria a personalidades que contribuem para o desenvolvimento e hist\u00f3ria do munic\u00edpio. Neste ano, o Deputado Federal Misael Varella recebeu uma das honrarias. A homenagem, feita na noite desta sexta-feira, se deve ao empenho do deputado em dar continuidade ao trabalho de excel\u00eancia na \u00e1rea da sa\u00fade em toda a regi\u00e3o e que traz in\u00fameros benef\u00edcios \u00e0 popula\u00e7\u00e3o laranjalense. Misael foi indicado pelo Presidente da C\u00e2mara, Vereador Miguel \u00c2ngelo.<\/p>\n<p>O deputado fez quest\u00e3o de comparecer ao evento e, ao discursar na tribuna da C\u00e2mara Municipal, se mostrou emocionado por receber o t\u00edtulo. \u201cSer Cidad\u00e3o Honor\u00e1rio de uma cidade \u00e9 o mesmo que ser adotado por ela. A partir de hoje passo a ser irm\u00e3o, conterr\u00e2neo de cada um morador de Laranjal. Isso me deixa honrado e agradecido, pois sempre tive la\u00e7os estreitos com essa cidade\u201d, afirmou, durante o discurso. Ele conclui seus agradecimentos, ressaltando tamb\u00e9m a responsabilidade em carregar o t\u00edtulo. \u201cEssa homenagem aumenta ainda mais o meu compromisso de lutar pelo meu povo de Laranjal. Tenham a certeza de que voc\u00eas t\u00eam, al\u00e9m de um aliado, um irm\u00e3o no Congresso Nacional, defendendo os interesses de cada um de voc\u00eas\u201d, disse. Com informa\u00e7\u00f5es do tribunademuriae.com.br<\/p>\n","protected":false},"excerpt":{"rendered":"<p>Deputado Federal Misael Varella recebe t\u00edtulo de Cidad\u00e3o Honor\u00e1rio de Laranjal misaelA C\u00e2mara de Vereadores de Laranjal realizou sess\u00e3o solene para a entrega da Cidadania Honor\u00e1ria a personalidades que contribuem para o desenvolvimento e hist\u00f3ria do munic\u00edpio. Neste ano, o Deputado Federal Misael Varella recebeu uma das honrarias. A homenagem, feita na noite desta sexta-feira, [&hellip;]<\/p>\n","protected":false},"author":2,"featured_media":0,"comment_status":"open","ping_status":"open","sticky":false,"template":"","format":"standard","meta":{"footnotes":""},"categories":[1],"tags":[],"class_list":["post-12461","post","type-post","status-publish","format-standard","hentry","category-sem-categoria"],"_links":{"self":[{"href":"http:\/\/paulorobertodaradio.com.br\/site\/index.php?rest_route=\/wp\/v2\/posts\/12461","targetHints":{"allow":["GET"]}}],"collection":[{"href":"http:\/\/paulorobertodaradio.com.br\/site\/index.php?rest_route=\/wp\/v2\/posts"}],"about":[{"href":"http:\/\/paulorobertodaradio.com.br\/site\/index.php?rest_route=\/wp\/v2\/types\/post"}],"author":[{"embeddable":true,"href":"http:\/\/paulorobertodaradio.com.br\/site\/index.php?rest_route=\/wp\/v2\/users\/2"}],"replies":[{"embeddable":true,"href":"http:\/\/paulorobertodaradio.com.br\/site\/index.php?rest_route=%2Fwp%2Fv2%2Fcomments&post=12461"}],"version-history":[{"count":3,"href":"http:\/\/paulorobertodaradio.com.br\/site\/index.php?rest_route=\/wp\/v2\/posts\/12461\/revisions"}],"predecessor-version":[{"id":12464,"href":"http:\/\/paulorobertodaradio.com.br\/site\/index.php?rest_route=\/wp\/v2\/posts\/12461\/revisions\/12464"}],"wp:attachment":[{"href":"http:\/\/paulorobertodaradio.com.br\/site\/index.php?rest_route=%2Fwp%2Fv2%2Fmedia&parent=12461"}],"wp:term":[{"taxonomy":"category","embeddable":true,"href":"http:\/\/paulorobertodaradio.com.br\/site\/index.php?rest_route=%2Fwp%2Fv2%2Fcategories&post=12461"},{"taxonomy":"post_tag","embeddable":true,"href":"http:\/\/paulorobertodaradio.com.br\/site\/index.php?rest_route=%2Fwp%2Fv2%2Ftags&post=12461"}],"curies":[{"name":"wp","href":"https:\/\/api.w.org\/{rel}","templated":true}]}}