{"id":137006,"date":"2024-04-23T15:41:28","date_gmt":"2024-04-23T18:41:28","guid":{"rendered":"http:\/\/paulorobertodaradio.com.br\/site\/?p=137006"},"modified":"2024-04-23T15:41:28","modified_gmt":"2024-04-23T18:41:28","slug":"saude-realiza-visita-as-residencias-do-bairro-da-grota-para-levar-vacina-contra-gripe","status":"publish","type":"post","link":"http:\/\/paulorobertodaradio.com.br\/site\/?p=137006","title":{"rendered":"SA\u00daDE REALIZA VISITA \u00c0S RESID\u00caNCIAS DO BAIRRO DA GROTA PARA LEVAR VACINA CONTRA GRIPE"},"content":{"rendered":"<p><a href=\"http:\/\/paulorobertodaradio.com.br\/site\/wp-content\/uploads\/2024\/04\/VACINA\u00c7AO-GROTA3.jpg\"><img loading=\"lazy\" decoding=\"async\" class=\"alignnone size-full wp-image-137007\" src=\"http:\/\/paulorobertodaradio.com.br\/site\/wp-content\/uploads\/2024\/04\/VACINA\u00c7AO-GROTA3.jpg\" alt=\"\" width=\"900\" height=\"1600\" srcset=\"http:\/\/paulorobertodaradio.com.br\/site\/wp-content\/uploads\/2024\/04\/VACINA\u00c7AO-GROTA3.jpg 900w, http:\/\/paulorobertodaradio.com.br\/site\/wp-content\/uploads\/2024\/04\/VACINA\u00c7AO-GROTA3-169x300.jpg 169w, http:\/\/paulorobertodaradio.com.br\/site\/wp-content\/uploads\/2024\/04\/VACINA\u00c7AO-GROTA3-768x1365.jpg 768w, http:\/\/paulorobertodaradio.com.br\/site\/wp-content\/uploads\/2024\/04\/VACINA\u00c7AO-GROTA3-576x1024.jpg 576w\" sizes=\"auto, (max-width: 900px) 100vw, 900px\" \/><\/a>&#x1f4cc;A Prefeitura de Miradouro \u2013 Administra\u00e7\u00e3o Municipal 2021\/2024 atrav\u00e9s da Secretaria Municipal de Sa\u00fade representada pela equipe da Estrat\u00e9gia de Sa\u00fade da Fam\u00edlia (ESF) Urbano I, realizou nessa quarta e quinta-feira, 17 e 18 de abril, campanha de vacina\u00e7\u00e3o contra gripe influenza nas resid\u00eancias, aos usu\u00e1rios acamados e com dificuldades para sa\u00edrem de casa, do bairro da Grota.<\/p>\n<p>&#x1f4cc;\u00c9 a Gest\u00e3o Municipal 2021\/2024 atrav\u00e9s da Secretaria Municipal de Sa\u00fade empenhada em realizar estrat\u00e9gias que aproximem cuidados de sa\u00fade daqueles que t\u00eam dificuldade de se dirigirem at\u00e9 as unidades de sa\u00fade, visando proporcionar qualidade de vida a toda popula\u00e7\u00e3o. Porque estamos juntos por uma cidade melhor para todos!&#x1f91d;&#x1f91d;&#x1f91d;<a href=\"http:\/\/paulorobertodaradio.com.br\/site\/wp-content\/uploads\/2024\/04\/VACINA\u00c7AO-GROTA.jpg\"><img loading=\"lazy\" decoding=\"async\" class=\"alignnone size-full wp-image-137008\" src=\"http:\/\/paulorobertodaradio.com.br\/site\/wp-content\/uploads\/2024\/04\/VACINA\u00c7AO-GROTA.jpg\" alt=\"\" width=\"900\" height=\"1600\" srcset=\"http:\/\/paulorobertodaradio.com.br\/site\/wp-content\/uploads\/2024\/04\/VACINA\u00c7AO-GROTA.jpg 900w, http:\/\/paulorobertodaradio.com.br\/site\/wp-content\/uploads\/2024\/04\/VACINA\u00c7AO-GROTA-169x300.jpg 169w, http:\/\/paulorobertodaradio.com.br\/site\/wp-content\/uploads\/2024\/04\/VACINA\u00c7AO-GROTA-768x1365.jpg 768w, http:\/\/paulorobertodaradio.com.br\/site\/wp-content\/uploads\/2024\/04\/VACINA\u00c7AO-GROTA-576x1024.jpg 576w\" sizes=\"auto, (max-width: 900px) 100vw, 900px\" \/><\/a> <a href=\"http:\/\/paulorobertodaradio.com.br\/site\/wp-content\/uploads\/2024\/04\/VACINA\u00c7AO-GROTA2.jpg\"><img loading=\"lazy\" decoding=\"async\" class=\"alignnone size-full wp-image-137009\" src=\"http:\/\/paulorobertodaradio.com.br\/site\/wp-content\/uploads\/2024\/04\/VACINA\u00c7AO-GROTA2.jpg\" alt=\"\" width=\"900\" height=\"1600\" srcset=\"http:\/\/paulorobertodaradio.com.br\/site\/wp-content\/uploads\/2024\/04\/VACINA\u00c7AO-GROTA2.jpg 900w, http:\/\/paulorobertodaradio.com.br\/site\/wp-content\/uploads\/2024\/04\/VACINA\u00c7AO-GROTA2-169x300.jpg 169w, http:\/\/paulorobertodaradio.com.br\/site\/wp-content\/uploads\/2024\/04\/VACINA\u00c7AO-GROTA2-768x1365.jpg 768w, http:\/\/paulorobertodaradio.com.br\/site\/wp-content\/uploads\/2024\/04\/VACINA\u00c7AO-GROTA2-576x1024.jpg 576w\" sizes=\"auto, (max-width: 900px) 100vw, 900px\" \/><\/a><\/p>\n<p><strong>Comunicado: Assessoria de comunica\u00e7\u00e3o da prefeitura de Miradouro<\/strong><\/p>\n","protected":false},"excerpt":{"rendered":"<p>&#x1f4cc;A Prefeitura de Miradouro \u2013 Administra\u00e7\u00e3o Municipal 2021\/2024 atrav\u00e9s da Secretaria Municipal de Sa\u00fade representada pela equipe da Estrat\u00e9gia de Sa\u00fade da Fam\u00edlia (ESF) Urbano I, realizou nessa quarta e quinta-feira, 17 e 18 de abril, campanha de vacina\u00e7\u00e3o contra gripe influenza nas resid\u00eancias, aos usu\u00e1rios acamados e com dificuldades para sa\u00edrem de casa, do [&hellip;]<\/p>\n","protected":false},"author":2,"featured_media":0,"comment_status":"open","ping_status":"open","sticky":false,"template":"","format":"standard","meta":{"footnotes":""},"categories":[1],"tags":[],"class_list":["post-137006","post","type-post","status-publish","format-standard","hentry","category-sem-categoria"],"_links":{"self":[{"href":"http:\/\/paulorobertodaradio.com.br\/site\/index.php?rest_route=\/wp\/v2\/posts\/137006","targetHints":{"allow":["GET"]}}],"collection":[{"href":"http:\/\/paulorobertodaradio.com.br\/site\/index.php?rest_route=\/wp\/v2\/posts"}],"about":[{"href":"http:\/\/paulorobertodaradio.com.br\/site\/index.php?rest_route=\/wp\/v2\/types\/post"}],"author":[{"embeddable":true,"href":"http:\/\/paulorobertodaradio.com.br\/site\/index.php?rest_route=\/wp\/v2\/users\/2"}],"replies":[{"embeddable":true,"href":"http:\/\/paulorobertodaradio.com.br\/site\/index.php?rest_route=%2Fwp%2Fv2%2Fcomments&post=137006"}],"version-history":[{"count":1,"href":"http:\/\/paulorobertodaradio.com.br\/site\/index.php?rest_route=\/wp\/v2\/posts\/137006\/revisions"}],"predecessor-version":[{"id":137010,"href":"http:\/\/paulorobertodaradio.com.br\/site\/index.php?rest_route=\/wp\/v2\/posts\/137006\/revisions\/137010"}],"wp:attachment":[{"href":"http:\/\/paulorobertodaradio.com.br\/site\/index.php?rest_route=%2Fwp%2Fv2%2Fmedia&parent=137006"}],"wp:term":[{"taxonomy":"category","embeddable":true,"href":"http:\/\/paulorobertodaradio.com.br\/site\/index.php?rest_route=%2Fwp%2Fv2%2Fcategories&post=137006"},{"taxonomy":"post_tag","embeddable":true,"href":"http:\/\/paulorobertodaradio.com.br\/site\/index.php?rest_route=%2Fwp%2Fv2%2Ftags&post=137006"}],"curies":[{"name":"wp","href":"https:\/\/api.w.org\/{rel}","templated":true}]}}