{"id":137045,"date":"2024-04-25T03:13:32","date_gmt":"2024-04-25T06:13:32","guid":{"rendered":"http:\/\/paulorobertodaradio.com.br\/site\/?p=137045"},"modified":"2024-04-25T13:13:42","modified_gmt":"2024-04-25T16:13:42","slug":"conselho-municipal-de-assistencia-social-reune-em-miradouro-nessa-segunda-feira-22-04","status":"publish","type":"post","link":"http:\/\/paulorobertodaradio.com.br\/site\/?p=137045","title":{"rendered":"CONSELHO MUNICIPAL DE ASSIST\u00caNCIA SOCIAL RE\u00daNE EM MIRADOURO NESSA SEGUNDA-FEIRA (22\/04)"},"content":{"rendered":"<p><a href=\"http:\/\/paulorobertodaradio.com.br\/site\/wp-content\/uploads\/2024\/04\/REUNIAO.jpg\"><img loading=\"lazy\" decoding=\"async\" class=\"alignnone size-full wp-image-137046\" src=\"http:\/\/paulorobertodaradio.com.br\/site\/wp-content\/uploads\/2024\/04\/REUNIAO.jpg\" alt=\"\" width=\"1600\" height=\"1200\" srcset=\"http:\/\/paulorobertodaradio.com.br\/site\/wp-content\/uploads\/2024\/04\/REUNIAO.jpg 1600w, http:\/\/paulorobertodaradio.com.br\/site\/wp-content\/uploads\/2024\/04\/REUNIAO-300x225.jpg 300w, http:\/\/paulorobertodaradio.com.br\/site\/wp-content\/uploads\/2024\/04\/REUNIAO-768x576.jpg 768w, http:\/\/paulorobertodaradio.com.br\/site\/wp-content\/uploads\/2024\/04\/REUNIAO-1024x768.jpg 1024w\" sizes=\"auto, (max-width: 1600px) 100vw, 1600px\" \/><\/a>&#x1f4cd;Os membros do Conselho Municipal de Assist\u00eancia Social (CMAS) reuniram nessa segunda-feira, 22 de abril, a partir das 13h, na sede da Secretaria Municipal de Desenvolvimento Social e alguns membros participaram online, atrav\u00e9s de link disponibilizado, do encontro.<\/p>\n<p>&#x1f4cd;A reuni\u00e3o foi conduzida pela assistente social Let\u00edcia Laureano.<\/p>\n<p>&#x1f4cd;Alguns dos assuntos tratados durante a reuni\u00e3o foram, aprova\u00e7\u00e3o do Plano de A\u00e7\u00e3o 2024 do Abrigo S\u00e3o Vicente de Paula e da Apae; aprova\u00e7\u00e3o do Relat\u00f3rio de Atividades executadas em 2023 do Abrigo S\u00e3o Vicente de Paula e da Apae e aprova\u00e7\u00e3o de recebimento de emenda parlamentar no valor de 50 mil reais destinada ao Abrigo S\u00e3o Vicente de Paula.<\/p>\n<p>&#x1f4cd;Estamos juntos por uma cidade melhor para todos!&#x1f91d;&#x1f91d;&#x1f91d;<\/p>\n<p><strong>Comunicado: Assessoria de comunica\u00e7\u00e3o da prefeitura de Miradouro<\/strong><\/p>\n","protected":false},"excerpt":{"rendered":"<p>&#x1f4cd;Os membros do Conselho Municipal de Assist\u00eancia Social (CMAS) reuniram nessa segunda-feira, 22 de abril, a partir das 13h, na sede da Secretaria Municipal de Desenvolvimento Social e alguns membros participaram online, atrav\u00e9s de link disponibilizado, do encontro. &#x1f4cd;A reuni\u00e3o foi conduzida pela assistente social Let\u00edcia Laureano. &#x1f4cd;Alguns dos assuntos tratados durante a reuni\u00e3o foram, [&hellip;]<\/p>\n","protected":false},"author":2,"featured_media":0,"comment_status":"open","ping_status":"open","sticky":false,"template":"","format":"standard","meta":{"footnotes":""},"categories":[1],"tags":[],"class_list":["post-137045","post","type-post","status-publish","format-standard","hentry","category-sem-categoria"],"_links":{"self":[{"href":"http:\/\/paulorobertodaradio.com.br\/site\/index.php?rest_route=\/wp\/v2\/posts\/137045","targetHints":{"allow":["GET"]}}],"collection":[{"href":"http:\/\/paulorobertodaradio.com.br\/site\/index.php?rest_route=\/wp\/v2\/posts"}],"about":[{"href":"http:\/\/paulorobertodaradio.com.br\/site\/index.php?rest_route=\/wp\/v2\/types\/post"}],"author":[{"embeddable":true,"href":"http:\/\/paulorobertodaradio.com.br\/site\/index.php?rest_route=\/wp\/v2\/users\/2"}],"replies":[{"embeddable":true,"href":"http:\/\/paulorobertodaradio.com.br\/site\/index.php?rest_route=%2Fwp%2Fv2%2Fcomments&post=137045"}],"version-history":[{"count":1,"href":"http:\/\/paulorobertodaradio.com.br\/site\/index.php?rest_route=\/wp\/v2\/posts\/137045\/revisions"}],"predecessor-version":[{"id":137047,"href":"http:\/\/paulorobertodaradio.com.br\/site\/index.php?rest_route=\/wp\/v2\/posts\/137045\/revisions\/137047"}],"wp:attachment":[{"href":"http:\/\/paulorobertodaradio.com.br\/site\/index.php?rest_route=%2Fwp%2Fv2%2Fmedia&parent=137045"}],"wp:term":[{"taxonomy":"category","embeddable":true,"href":"http:\/\/paulorobertodaradio.com.br\/site\/index.php?rest_route=%2Fwp%2Fv2%2Fcategories&post=137045"},{"taxonomy":"post_tag","embeddable":true,"href":"http:\/\/paulorobertodaradio.com.br\/site\/index.php?rest_route=%2Fwp%2Fv2%2Ftags&post=137045"}],"curies":[{"name":"wp","href":"https:\/\/api.w.org\/{rel}","templated":true}]}}