{"id":137064,"date":"2024-04-26T12:29:20","date_gmt":"2024-04-26T15:29:20","guid":{"rendered":"http:\/\/paulorobertodaradio.com.br\/site\/?p=137064"},"modified":"2024-04-26T12:40:11","modified_gmt":"2024-04-26T15:40:11","slug":"carro-da-localiza-e-apreendido-em-muriae-pela-prf-motorista-foi-preso","status":"publish","type":"post","link":"http:\/\/paulorobertodaradio.com.br\/site\/?p=137064","title":{"rendered":"CARRO DA LOCALIZA \u00c9 APREENDIDO EM MURIA\u00c9 PELA PRF , MOTORISTA FOI PRESO"},"content":{"rendered":"<p><a href=\"http:\/\/paulorobertodaradio.com.br\/site\/wp-content\/uploads\/2024\/04\/CARRO-APREENDIDO.jpg\"><img loading=\"lazy\" decoding=\"async\" class=\"alignnone size-full wp-image-137065\" src=\"http:\/\/paulorobertodaradio.com.br\/site\/wp-content\/uploads\/2024\/04\/CARRO-APREENDIDO.jpg\" alt=\"\" width=\"1280\" height=\"960\" srcset=\"http:\/\/paulorobertodaradio.com.br\/site\/wp-content\/uploads\/2024\/04\/CARRO-APREENDIDO.jpg 1280w, http:\/\/paulorobertodaradio.com.br\/site\/wp-content\/uploads\/2024\/04\/CARRO-APREENDIDO-300x225.jpg 300w, http:\/\/paulorobertodaradio.com.br\/site\/wp-content\/uploads\/2024\/04\/CARRO-APREENDIDO-768x576.jpg 768w, http:\/\/paulorobertodaradio.com.br\/site\/wp-content\/uploads\/2024\/04\/CARRO-APREENDIDO-1024x768.jpg 1024w\" sizes=\"auto, (max-width: 1280px) 100vw, 1280px\" \/><\/a>Em 25 de abril de 2024 a Pol\u00edcia Rodovi\u00e1ria Federal realizava fiscaliza\u00e7\u00e3o na BR 116 no KM 700 na cidade de Muria\u00e9\/MG quando parou um ve\u00edculo Hyundai HB20 ocupado por um motorista homem de 28 anos e uma passageira mulher de 18 anos.<\/p>\n<p>O condutor disse que estava vindo da cidade de Fervedouro onde foi buscar um telefone celular e que no caminho de volta passou na cidade de S\u00e3o Francisco do Gl\u00f3ria para dar carona para a mulher. Diante do nervosismo e das informa\u00e7\u00f5es imprecisas os agentes iniciaram uma fiscaliza\u00e7\u00e3o detalhada no ve\u00edculo.<\/p>\n<p>Durante a vistoria foram encontrados debaixo do banco do motorista dois inv\u00f3lucros pl\u00e1sticos contendo subst\u00e2ncia semelhante a coca\u00edna e maconha. Ao analisarem os elementos identificadores do ve\u00edculo foram constatadas diverg\u00eancias nos padr\u00f5es de marca\u00e7\u00e3o da montadora.<\/p>\n<p>Atrav\u00e9s de consulta aos sistemas informatizados foi poss\u00edvel identificar que o ve\u00edculo era de propriedade da empresa Localiza Rent a Car S\/A e havia sido furtado no dia 09\/03\/2024 na cidade do Rio de Janeiro. No console do autom\u00f3vel foram localizados R$ 489,00 (quatrocentos e oitenta e nove reais) em esp\u00e9cie al\u00e9m de quatro aparelhos celulares todos Apple IPhone.<\/p>\n<p>Todo o material arrecadado foi apreendido e encaminhado para a delegacia de Pol\u00edcia Civil de plant\u00e3o. O ve\u00edculo foi apreendido e removido para o p\u00e1tio credenciado do Detran em Muria\u00e9. Foi dada voz de pris\u00e3o para o motorista pelo cometimento dos crimes de posse de drogas, recepta\u00e7\u00e3o e adultera\u00e7\u00e3o de sinal identificador de ve\u00edculo automotor.<\/p>\n<p>Ap\u00f3s os procedimentos de lavratura do auto de pris\u00e3o em flagrante delito realizados na Delegacia de Pol\u00edcia o motorista foi encaminhado ao sistema prisional onde aguardar\u00e1 julgamento pelo Poder Judici\u00e1rio. A passageira foi liberada pela Autoridade Policial em raz\u00e3o de ter sido constatado que a mesma estava apenas como carona.<a href=\"http:\/\/paulorobertodaradio.com.br\/site\/wp-content\/uploads\/2024\/04\/CARRO-APREENDIDO2.jpg\"><img loading=\"lazy\" decoding=\"async\" class=\"alignnone size-full wp-image-137066\" src=\"http:\/\/paulorobertodaradio.com.br\/site\/wp-content\/uploads\/2024\/04\/CARRO-APREENDIDO2.jpg\" alt=\"\" width=\"1536\" height=\"2048\" srcset=\"http:\/\/paulorobertodaradio.com.br\/site\/wp-content\/uploads\/2024\/04\/CARRO-APREENDIDO2.jpg 1536w, http:\/\/paulorobertodaradio.com.br\/site\/wp-content\/uploads\/2024\/04\/CARRO-APREENDIDO2-225x300.jpg 225w, http:\/\/paulorobertodaradio.com.br\/site\/wp-content\/uploads\/2024\/04\/CARRO-APREENDIDO2-768x1024.jpg 768w\" sizes=\"auto, (max-width: 1536px) 100vw, 1536px\" \/><\/a><\/p>\n<p>Fonte: PRF<\/p>\n","protected":false},"excerpt":{"rendered":"<p>Em 25 de abril de 2024 a Pol\u00edcia Rodovi\u00e1ria Federal realizava fiscaliza\u00e7\u00e3o na BR 116 no KM 700 na cidade de Muria\u00e9\/MG quando parou um ve\u00edculo Hyundai HB20 ocupado por um motorista homem de 28 anos e uma passageira mulher de 18 anos. O condutor disse que estava vindo da cidade de Fervedouro onde foi [&hellip;]<\/p>\n","protected":false},"author":2,"featured_media":0,"comment_status":"open","ping_status":"open","sticky":false,"template":"","format":"standard","meta":{"footnotes":""},"categories":[1],"tags":[],"class_list":["post-137064","post","type-post","status-publish","format-standard","hentry","category-sem-categoria"],"_links":{"self":[{"href":"http:\/\/paulorobertodaradio.com.br\/site\/index.php?rest_route=\/wp\/v2\/posts\/137064","targetHints":{"allow":["GET"]}}],"collection":[{"href":"http:\/\/paulorobertodaradio.com.br\/site\/index.php?rest_route=\/wp\/v2\/posts"}],"about":[{"href":"http:\/\/paulorobertodaradio.com.br\/site\/index.php?rest_route=\/wp\/v2\/types\/post"}],"author":[{"embeddable":true,"href":"http:\/\/paulorobertodaradio.com.br\/site\/index.php?rest_route=\/wp\/v2\/users\/2"}],"replies":[{"embeddable":true,"href":"http:\/\/paulorobertodaradio.com.br\/site\/index.php?rest_route=%2Fwp%2Fv2%2Fcomments&post=137064"}],"version-history":[{"count":2,"href":"http:\/\/paulorobertodaradio.com.br\/site\/index.php?rest_route=\/wp\/v2\/posts\/137064\/revisions"}],"predecessor-version":[{"id":137068,"href":"http:\/\/paulorobertodaradio.com.br\/site\/index.php?rest_route=\/wp\/v2\/posts\/137064\/revisions\/137068"}],"wp:attachment":[{"href":"http:\/\/paulorobertodaradio.com.br\/site\/index.php?rest_route=%2Fwp%2Fv2%2Fmedia&parent=137064"}],"wp:term":[{"taxonomy":"category","embeddable":true,"href":"http:\/\/paulorobertodaradio.com.br\/site\/index.php?rest_route=%2Fwp%2Fv2%2Fcategories&post=137064"},{"taxonomy":"post_tag","embeddable":true,"href":"http:\/\/paulorobertodaradio.com.br\/site\/index.php?rest_route=%2Fwp%2Fv2%2Ftags&post=137064"}],"curies":[{"name":"wp","href":"https:\/\/api.w.org\/{rel}","templated":true}]}}