{"id":137069,"date":"2024-04-26T15:58:39","date_gmt":"2024-04-26T18:58:39","guid":{"rendered":"http:\/\/paulorobertodaradio.com.br\/site\/?p=137069"},"modified":"2024-04-27T01:44:09","modified_gmt":"2024-04-27T04:44:09","slug":"campanha-de-vacinacao-contra-gripe-e-realizada-na-comunidade-do-lambari-e-no-distrito-de-serrania","status":"publish","type":"post","link":"http:\/\/paulorobertodaradio.com.br\/site\/?p=137069","title":{"rendered":"CAMPANHA DE VACINA\u00c7\u00c3O CONTRA GRIPE \u00c9 REALIZADA NA COMUNIDADE DO LAMBARI E NO DISTRITO DE SERRANIA"},"content":{"rendered":"<p><a href=\"http:\/\/paulorobertodaradio.com.br\/site\/wp-content\/uploads\/2024\/04\/FB_IMG_1714157778476.jpg\"><img loading=\"lazy\" decoding=\"async\" class=\"alignnone size-full wp-image-137070\" src=\"http:\/\/paulorobertodaradio.com.br\/site\/wp-content\/uploads\/2024\/04\/FB_IMG_1714157778476.jpg\" alt=\"\" width=\"720\" height=\"960\" srcset=\"http:\/\/paulorobertodaradio.com.br\/site\/wp-content\/uploads\/2024\/04\/FB_IMG_1714157778476.jpg 720w, http:\/\/paulorobertodaradio.com.br\/site\/wp-content\/uploads\/2024\/04\/FB_IMG_1714157778476-225x300.jpg 225w\" sizes=\"auto, (max-width: 720px) 100vw, 720px\" \/><\/a> <a href=\"http:\/\/paulorobertodaradio.com.br\/site\/wp-content\/uploads\/2024\/04\/FB_IMG_1714157801990.jpg\"><img loading=\"lazy\" decoding=\"async\" class=\"alignnone size-full wp-image-137071\" src=\"http:\/\/paulorobertodaradio.com.br\/site\/wp-content\/uploads\/2024\/04\/FB_IMG_1714157801990.jpg\" alt=\"\" width=\"720\" height=\"960\" srcset=\"http:\/\/paulorobertodaradio.com.br\/site\/wp-content\/uploads\/2024\/04\/FB_IMG_1714157801990.jpg 720w, http:\/\/paulorobertodaradio.com.br\/site\/wp-content\/uploads\/2024\/04\/FB_IMG_1714157801990-225x300.jpg 225w\" sizes=\"auto, (max-width: 720px) 100vw, 720px\" \/><\/a> <a href=\"http:\/\/paulorobertodaradio.com.br\/site\/wp-content\/uploads\/2024\/04\/FB_IMG_1714157807787.jpg\"><img loading=\"lazy\" decoding=\"async\" class=\"alignnone size-full wp-image-137072\" src=\"http:\/\/paulorobertodaradio.com.br\/site\/wp-content\/uploads\/2024\/04\/FB_IMG_1714157807787.jpg\" alt=\"\" width=\"720\" height=\"960\" srcset=\"http:\/\/paulorobertodaradio.com.br\/site\/wp-content\/uploads\/2024\/04\/FB_IMG_1714157807787.jpg 720w, http:\/\/paulorobertodaradio.com.br\/site\/wp-content\/uploads\/2024\/04\/FB_IMG_1714157807787-225x300.jpg 225w\" sizes=\"auto, (max-width: 720px) 100vw, 720px\" \/><\/a>&#x1f4cc;Com o objetivo de levar preven\u00e7\u00e3o contra a gripe influenza atrav\u00e9s de vacina\u00e7\u00e3o, foram aplicadas doses de vacina nos moradores da comunidade do Lambari e do distrito de Serrania nessa quinta-feira, 25 de abril.<\/p>\n<p>&#x1f4cc;A mobiliza\u00e7\u00e3o foi realizada pela Prefeitura de Miradouro \u2013 Administra\u00e7\u00e3o Municipal 2021\/2024 atrav\u00e9s da Secretaria Municipal de Sa\u00fade, representada pela equipe de Estrat\u00e9gia de Sa\u00fade da Fam\u00edlia (ESF) Rural I.<\/p>\n<p>&#x1f4cc;No distrito de Serrania a campanha aconteceu no posto de sa\u00fade.<\/p>\n<p>&#x1f4cc;Conduziram a iniciativa os profissionais, Gustavo Paiva, enfermeiro, Camilla Soares, t\u00e9cnica de enfermagem, Cleberson Prado, Patr\u00edcia Rodrigues e Carla Campos, agente comunit\u00e1rios de sa\u00fade.<\/p>\n<p>&#x1f4cc;\u00c9 a Gest\u00e3o Municipal 2021\/2024 atrav\u00e9s da Secretaria Municipal de Sa\u00fade empenhada na realiza\u00e7\u00e3o de a\u00e7\u00f5es preventivas para proporcionar qualidade de vida a toda popula\u00e7\u00e3o. Porque estamos juntos por uma cidade melhor para todos!&#x1f91d;&#x1f91d;&#x1f91d;<\/p>\n<p><strong>Comunicado: Assessoria de comunica\u00e7\u00e3o da prefeitura de Miradouro<\/strong><\/p>\n","protected":false},"excerpt":{"rendered":"<p>&#x1f4cc;Com o objetivo de levar preven\u00e7\u00e3o contra a gripe influenza atrav\u00e9s de vacina\u00e7\u00e3o, foram aplicadas doses de vacina nos moradores da comunidade do Lambari e do distrito de Serrania nessa quinta-feira, 25 de abril. &#x1f4cc;A mobiliza\u00e7\u00e3o foi realizada pela Prefeitura de Miradouro \u2013 Administra\u00e7\u00e3o Municipal 2021\/2024 atrav\u00e9s da Secretaria Municipal de Sa\u00fade, representada pela equipe [&hellip;]<\/p>\n","protected":false},"author":2,"featured_media":0,"comment_status":"open","ping_status":"open","sticky":false,"template":"","format":"standard","meta":{"footnotes":""},"categories":[1],"tags":[],"class_list":["post-137069","post","type-post","status-publish","format-standard","hentry","category-sem-categoria"],"_links":{"self":[{"href":"http:\/\/paulorobertodaradio.com.br\/site\/index.php?rest_route=\/wp\/v2\/posts\/137069","targetHints":{"allow":["GET"]}}],"collection":[{"href":"http:\/\/paulorobertodaradio.com.br\/site\/index.php?rest_route=\/wp\/v2\/posts"}],"about":[{"href":"http:\/\/paulorobertodaradio.com.br\/site\/index.php?rest_route=\/wp\/v2\/types\/post"}],"author":[{"embeddable":true,"href":"http:\/\/paulorobertodaradio.com.br\/site\/index.php?rest_route=\/wp\/v2\/users\/2"}],"replies":[{"embeddable":true,"href":"http:\/\/paulorobertodaradio.com.br\/site\/index.php?rest_route=%2Fwp%2Fv2%2Fcomments&post=137069"}],"version-history":[{"count":2,"href":"http:\/\/paulorobertodaradio.com.br\/site\/index.php?rest_route=\/wp\/v2\/posts\/137069\/revisions"}],"predecessor-version":[{"id":137085,"href":"http:\/\/paulorobertodaradio.com.br\/site\/index.php?rest_route=\/wp\/v2\/posts\/137069\/revisions\/137085"}],"wp:attachment":[{"href":"http:\/\/paulorobertodaradio.com.br\/site\/index.php?rest_route=%2Fwp%2Fv2%2Fmedia&parent=137069"}],"wp:term":[{"taxonomy":"category","embeddable":true,"href":"http:\/\/paulorobertodaradio.com.br\/site\/index.php?rest_route=%2Fwp%2Fv2%2Fcategories&post=137069"},{"taxonomy":"post_tag","embeddable":true,"href":"http:\/\/paulorobertodaradio.com.br\/site\/index.php?rest_route=%2Fwp%2Fv2%2Ftags&post=137069"}],"curies":[{"name":"wp","href":"https:\/\/api.w.org\/{rel}","templated":true}]}}