{"id":141016,"date":"2025-02-23T11:18:17","date_gmt":"2025-02-23T14:18:17","guid":{"rendered":"http:\/\/paulorobertodaradio.com.br\/site\/?p=141016"},"modified":"2025-02-23T11:20:05","modified_gmt":"2025-02-23T14:20:05","slug":"141016","status":"publish","type":"post","link":"http:\/\/paulorobertodaradio.com.br\/site\/?p=141016","title":{"rendered":"FALECEU JOANA DARK DA SILVA ALMEIDA, DE MIRADOURO"},"content":{"rendered":"<p><a href=\"http:\/\/paulorobertodaradio.com.br\/site\/wp-content\/uploads\/2025\/02\/FB_IMG_1740320138980.jpg\"><img loading=\"lazy\" decoding=\"async\" class=\"alignnone size-full wp-image-141017\" src=\"http:\/\/paulorobertodaradio.com.br\/site\/wp-content\/uploads\/2025\/02\/FB_IMG_1740320138980.jpg\" alt=\"\" width=\"720\" height=\"830\" srcset=\"http:\/\/paulorobertodaradio.com.br\/site\/wp-content\/uploads\/2025\/02\/FB_IMG_1740320138980.jpg 720w, http:\/\/paulorobertodaradio.com.br\/site\/wp-content\/uploads\/2025\/02\/FB_IMG_1740320138980-260x300.jpg 260w\" sizes=\"auto, (max-width: 720px) 100vw, 720px\" \/><\/a>O senhor Eli Jos\u00e9 de Almeida e fam\u00edlia comunicam com pesar o falecimento de sua esposa Joana Darc da Silva Almeida ( mais conhecida como Darc), moradora da Grota,\u00a0 na rua Guedes Moraes, em Miradouro.<\/p>\n<p>E convidam para o seu vel\u00f3rio na capela mortu\u00e1ria de Miradouro a partir das 12:30 horas.<\/p>\n<p>Seu sepultamento ser\u00e1 as 17 horas no cemit\u00e9rio local.<\/p>\n","protected":false},"excerpt":{"rendered":"<p>O senhor Eli Jos\u00e9 de Almeida e fam\u00edlia comunicam com pesar o falecimento de sua esposa Joana Darc da Silva Almeida ( mais conhecida como Darc), moradora da Grota,\u00a0 na rua Guedes Moraes, em Miradouro. E convidam para o seu vel\u00f3rio na capela mortu\u00e1ria de Miradouro a partir das 12:30 horas. Seu sepultamento ser\u00e1 as [&hellip;]<\/p>\n","protected":false},"author":2,"featured_media":0,"comment_status":"open","ping_status":"open","sticky":false,"template":"","format":"standard","meta":{"footnotes":""},"categories":[1],"tags":[],"class_list":["post-141016","post","type-post","status-publish","format-standard","hentry","category-sem-categoria"],"_links":{"self":[{"href":"http:\/\/paulorobertodaradio.com.br\/site\/index.php?rest_route=\/wp\/v2\/posts\/141016","targetHints":{"allow":["GET"]}}],"collection":[{"href":"http:\/\/paulorobertodaradio.com.br\/site\/index.php?rest_route=\/wp\/v2\/posts"}],"about":[{"href":"http:\/\/paulorobertodaradio.com.br\/site\/index.php?rest_route=\/wp\/v2\/types\/post"}],"author":[{"embeddable":true,"href":"http:\/\/paulorobertodaradio.com.br\/site\/index.php?rest_route=\/wp\/v2\/users\/2"}],"replies":[{"embeddable":true,"href":"http:\/\/paulorobertodaradio.com.br\/site\/index.php?rest_route=%2Fwp%2Fv2%2Fcomments&post=141016"}],"version-history":[{"count":3,"href":"http:\/\/paulorobertodaradio.com.br\/site\/index.php?rest_route=\/wp\/v2\/posts\/141016\/revisions"}],"predecessor-version":[{"id":141020,"href":"http:\/\/paulorobertodaradio.com.br\/site\/index.php?rest_route=\/wp\/v2\/posts\/141016\/revisions\/141020"}],"wp:attachment":[{"href":"http:\/\/paulorobertodaradio.com.br\/site\/index.php?rest_route=%2Fwp%2Fv2%2Fmedia&parent=141016"}],"wp:term":[{"taxonomy":"category","embeddable":true,"href":"http:\/\/paulorobertodaradio.com.br\/site\/index.php?rest_route=%2Fwp%2Fv2%2Fcategories&post=141016"},{"taxonomy":"post_tag","embeddable":true,"href":"http:\/\/paulorobertodaradio.com.br\/site\/index.php?rest_route=%2Fwp%2Fv2%2Ftags&post=141016"}],"curies":[{"name":"wp","href":"https:\/\/api.w.org\/{rel}","templated":true}]}}