{"id":141061,"date":"2025-02-26T13:17:56","date_gmt":"2025-02-26T16:17:56","guid":{"rendered":"http:\/\/paulorobertodaradio.com.br\/site\/?p=141061"},"modified":"2025-02-26T13:17:56","modified_gmt":"2025-02-26T16:17:56","slug":"homem-e-morto-com-golpes-de-faca-na-zona-rural-de-divino","status":"publish","type":"post","link":"http:\/\/paulorobertodaradio.com.br\/site\/?p=141061","title":{"rendered":"HOMEM \u00c9 MORTO COM GOLPES DE FACA NA ZONA RURAL DE DIVINO"},"content":{"rendered":"<p><a href=\"http:\/\/paulorobertodaradio.com.br\/site\/wp-content\/uploads\/2025\/02\/HOMICIDIO.jpeg\"><img loading=\"lazy\" decoding=\"async\" class=\"alignnone size-full wp-image-141062\" src=\"http:\/\/paulorobertodaradio.com.br\/site\/wp-content\/uploads\/2025\/02\/HOMICIDIO.jpeg\" alt=\"\" width=\"800\" height=\"600\" srcset=\"http:\/\/paulorobertodaradio.com.br\/site\/wp-content\/uploads\/2025\/02\/HOMICIDIO.jpeg 800w, http:\/\/paulorobertodaradio.com.br\/site\/wp-content\/uploads\/2025\/02\/HOMICIDIO-300x225.jpeg 300w, http:\/\/paulorobertodaradio.com.br\/site\/wp-content\/uploads\/2025\/02\/HOMICIDIO-768x576.jpeg 768w\" sizes=\"auto, (max-width: 800px) 100vw, 800px\" \/><\/a>O corpo de um homem de 45 anos foi encontrado as margens de um a\u00e7ude na regi\u00e3o do \u201cC\u00f3rrego do Aratraca\u201d, na zona rural de Divino, no fim da tarde desta ter\u00e7a-feira (25).<\/p>\n<p>Informa\u00e7\u00f5es d\u00e3o conta que o corpo \u00e9 de Marcos Ant\u00f4nio Moreira, popularmente conhecido como \u201cDula\u201d. Segundo a per\u00edcia, ele apresentava diversos ferimentos e uma perfura\u00e7\u00e3o por golpes de faca.<\/p>\n<p>\u201cDula\u201d teria sido visto consumindo bebidas alco\u00f3licas em um bar da comunidade e logo ap\u00f3s tomou rumo desconhecido e n\u00e3o voltou.<\/p>\n<p>A Pol\u00edcia Militar segue em rastreamento para levantar mais informa\u00e7\u00f5es sobre o homic\u00eddio.<\/p>\n<p>Fonte: R\u00e1dio Muria\u00e9<\/p>\n<p>&nbsp;<\/p>\n","protected":false},"excerpt":{"rendered":"<p>O corpo de um homem de 45 anos foi encontrado as margens de um a\u00e7ude na regi\u00e3o do \u201cC\u00f3rrego do Aratraca\u201d, na zona rural de Divino, no fim da tarde desta ter\u00e7a-feira (25). Informa\u00e7\u00f5es d\u00e3o conta que o corpo \u00e9 de Marcos Ant\u00f4nio Moreira, popularmente conhecido como \u201cDula\u201d. Segundo a per\u00edcia, ele apresentava diversos ferimentos [&hellip;]<\/p>\n","protected":false},"author":2,"featured_media":0,"comment_status":"open","ping_status":"open","sticky":false,"template":"","format":"standard","meta":{"footnotes":""},"categories":[1],"tags":[],"class_list":["post-141061","post","type-post","status-publish","format-standard","hentry","category-sem-categoria"],"_links":{"self":[{"href":"http:\/\/paulorobertodaradio.com.br\/site\/index.php?rest_route=\/wp\/v2\/posts\/141061","targetHints":{"allow":["GET"]}}],"collection":[{"href":"http:\/\/paulorobertodaradio.com.br\/site\/index.php?rest_route=\/wp\/v2\/posts"}],"about":[{"href":"http:\/\/paulorobertodaradio.com.br\/site\/index.php?rest_route=\/wp\/v2\/types\/post"}],"author":[{"embeddable":true,"href":"http:\/\/paulorobertodaradio.com.br\/site\/index.php?rest_route=\/wp\/v2\/users\/2"}],"replies":[{"embeddable":true,"href":"http:\/\/paulorobertodaradio.com.br\/site\/index.php?rest_route=%2Fwp%2Fv2%2Fcomments&post=141061"}],"version-history":[{"count":1,"href":"http:\/\/paulorobertodaradio.com.br\/site\/index.php?rest_route=\/wp\/v2\/posts\/141061\/revisions"}],"predecessor-version":[{"id":141063,"href":"http:\/\/paulorobertodaradio.com.br\/site\/index.php?rest_route=\/wp\/v2\/posts\/141061\/revisions\/141063"}],"wp:attachment":[{"href":"http:\/\/paulorobertodaradio.com.br\/site\/index.php?rest_route=%2Fwp%2Fv2%2Fmedia&parent=141061"}],"wp:term":[{"taxonomy":"category","embeddable":true,"href":"http:\/\/paulorobertodaradio.com.br\/site\/index.php?rest_route=%2Fwp%2Fv2%2Fcategories&post=141061"},{"taxonomy":"post_tag","embeddable":true,"href":"http:\/\/paulorobertodaradio.com.br\/site\/index.php?rest_route=%2Fwp%2Fv2%2Ftags&post=141061"}],"curies":[{"name":"wp","href":"https:\/\/api.w.org\/{rel}","templated":true}]}}