{"id":148273,"date":"2026-04-23T08:48:52","date_gmt":"2026-04-23T11:48:52","guid":{"rendered":"https:\/\/paulorobertodaradio.com.br\/site\/?p=148273"},"modified":"2026-04-23T09:06:36","modified_gmt":"2026-04-23T12:06:36","slug":"policia-militar-age-rapido-e-prende-criminoso-suspeito-de-cometer-varios-furtos-em-muriae","status":"publish","type":"post","link":"http:\/\/paulorobertodaradio.com.br\/site\/?p=148273","title":{"rendered":"POL\u00cdCIA MILITAR AGE R\u00c1PIDO E PRENDE CRIMINOSO SUSPEITO DE COMETER V\u00c1RIOS FURTOS EM MURIA\u00c9"},"content":{"rendered":"<p>Na manh\u00e3 desta quarta-feira (22), a a\u00e7\u00e3o r\u00e1pida da PMMG resultou na pris\u00e3o de um criminoso ap\u00f3s um roubo a transeunte no centro da cidade. A interven\u00e7\u00e3o imediata da PMMG interrompeu uma s\u00e9rie de delitos cometidos pelo autor no mesmo dia.<\/p>\n<p>O crime ocorreu quando a v\u00edtima caminhava por uma pra\u00e7a local e foi surpreendida pelas costas por um homem que tentou arrancar seu cord\u00e3o de ouro. Ap\u00f3s a v\u00edtima reagir e entrar em luta corporal, o infrator conseguiu fugir levando um fragmento da joia, deixando-a com les\u00f5es leves no pesco\u00e7o. Assim que foi acionada, a PMMG assumiu a linha de frente da ocorr\u00eancia.<\/p>\n<p>As equipes da PMMG iniciaram um intenso rastreamento pela regi\u00e3o. O cerco t\u00e1tico eficiente da PMMG interceptou o autor rapidamente em outra pra\u00e7a. Durante a abordagem realizada pelas guarni\u00e7\u00f5es da PMMG, ele confessou o roubo e admitiu envolvimento em outros crimes com o mesmo m\u00e9todo cometidos ao longo do dia, visando a venda dos itens subtra\u00eddos.<\/p>\n<p>Com a pris\u00e3o em flagrante efetuada pelo trabalho operacional da PMMG nas ruas, a sequ\u00eancia de crimes foi encerrada. A v\u00edtima foi socorrida e amparada pelos militares da PMMG para avalia\u00e7\u00e3o m\u00e9dica, enquanto o infrator foi entregue \u00e0 delegacia de plant\u00e3o, a quem coube o recebimento do flagrante gerado pela PMMG para a realiza\u00e7\u00e3o dos tr\u00e2mites burocr\u00e1ticos de praxe.<a href=\"http:\/\/paulorobertodaradio.com.br\/site\/wp-content\/uploads\/2026\/04\/FB_IMG_1776944771616.jpg\"><img loading=\"lazy\" decoding=\"async\" class=\"alignnone size-full wp-image-148274\" src=\"http:\/\/paulorobertodaradio.com.br\/site\/wp-content\/uploads\/2026\/04\/FB_IMG_1776944771616.jpg\" alt=\"\" width=\"1920\" height=\"1835\" srcset=\"http:\/\/paulorobertodaradio.com.br\/site\/wp-content\/uploads\/2026\/04\/FB_IMG_1776944771616.jpg 1920w, http:\/\/paulorobertodaradio.com.br\/site\/wp-content\/uploads\/2026\/04\/FB_IMG_1776944771616-300x287.jpg 300w, http:\/\/paulorobertodaradio.com.br\/site\/wp-content\/uploads\/2026\/04\/FB_IMG_1776944771616-1024x979.jpg 1024w, http:\/\/paulorobertodaradio.com.br\/site\/wp-content\/uploads\/2026\/04\/FB_IMG_1776944771616-768x734.jpg 768w, http:\/\/paulorobertodaradio.com.br\/site\/wp-content\/uploads\/2026\/04\/FB_IMG_1776944771616-1536x1468.jpg 1536w\" sizes=\"auto, (max-width: 1920px) 100vw, 1920px\" \/><\/a><\/p>\n","protected":false},"excerpt":{"rendered":"<p>Na manh\u00e3 desta quarta-feira (22), a a\u00e7\u00e3o r\u00e1pida da PMMG resultou na pris\u00e3o de um criminoso ap\u00f3s um roubo a transeunte no centro da cidade. A interven\u00e7\u00e3o imediata da PMMG interrompeu uma s\u00e9rie de delitos cometidos pelo autor no mesmo dia. O crime ocorreu quando a v\u00edtima caminhava por uma pra\u00e7a local e foi surpreendida [&hellip;]<\/p>\n","protected":false},"author":2,"featured_media":148274,"comment_status":"open","ping_status":"closed","sticky":false,"template":"","format":"standard","meta":{"footnotes":""},"categories":[1],"tags":[],"class_list":["post-148273","post","type-post","status-publish","format-standard","has-post-thumbnail","hentry","category-sem-categoria"],"_links":{"self":[{"href":"http:\/\/paulorobertodaradio.com.br\/site\/index.php?rest_route=\/wp\/v2\/posts\/148273","targetHints":{"allow":["GET"]}}],"collection":[{"href":"http:\/\/paulorobertodaradio.com.br\/site\/index.php?rest_route=\/wp\/v2\/posts"}],"about":[{"href":"http:\/\/paulorobertodaradio.com.br\/site\/index.php?rest_route=\/wp\/v2\/types\/post"}],"author":[{"embeddable":true,"href":"http:\/\/paulorobertodaradio.com.br\/site\/index.php?rest_route=\/wp\/v2\/users\/2"}],"replies":[{"embeddable":true,"href":"http:\/\/paulorobertodaradio.com.br\/site\/index.php?rest_route=%2Fwp%2Fv2%2Fcomments&post=148273"}],"version-history":[{"count":1,"href":"http:\/\/paulorobertodaradio.com.br\/site\/index.php?rest_route=\/wp\/v2\/posts\/148273\/revisions"}],"predecessor-version":[{"id":148275,"href":"http:\/\/paulorobertodaradio.com.br\/site\/index.php?rest_route=\/wp\/v2\/posts\/148273\/revisions\/148275"}],"wp:featuredmedia":[{"embeddable":true,"href":"http:\/\/paulorobertodaradio.com.br\/site\/index.php?rest_route=\/wp\/v2\/media\/148274"}],"wp:attachment":[{"href":"http:\/\/paulorobertodaradio.com.br\/site\/index.php?rest_route=%2Fwp%2Fv2%2Fmedia&parent=148273"}],"wp:term":[{"taxonomy":"category","embeddable":true,"href":"http:\/\/paulorobertodaradio.com.br\/site\/index.php?rest_route=%2Fwp%2Fv2%2Fcategories&post=148273"},{"taxonomy":"post_tag","embeddable":true,"href":"http:\/\/paulorobertodaradio.com.br\/site\/index.php?rest_route=%2Fwp%2Fv2%2Ftags&post=148273"}],"curies":[{"name":"wp","href":"https:\/\/api.w.org\/{rel}","templated":true}]}}