{"id":148279,"date":"2026-04-23T10:46:03","date_gmt":"2026-04-23T13:46:03","guid":{"rendered":"https:\/\/paulorobertodaradio.com.br\/site\/?p=148279"},"modified":"2026-04-23T10:48:17","modified_gmt":"2026-04-23T13:48:17","slug":"tecnologia-e-acao-rapida-da-pmmg-frustram-furto-em-muriae-motocicleta-e-recuperada","status":"publish","type":"post","link":"http:\/\/paulorobertodaradio.com.br\/site\/?p=148279","title":{"rendered":"TECNOLOGIA E A\u00c7\u00c3O R\u00c1PIDA DA PMMG FRUSTRAM FURTO EM MURIA\u00c9; MOTOCICLETA \u00c9 RECUPERADA"},"content":{"rendered":"<p><a href=\"http:\/\/paulorobertodaradio.com.br\/site\/wp-content\/uploads\/2026\/04\/FB_IMG_1776946160615.jpg\"><img loading=\"lazy\" decoding=\"async\" class=\"alignnone size-full wp-image-148282\" src=\"http:\/\/paulorobertodaradio.com.br\/site\/wp-content\/uploads\/2026\/04\/FB_IMG_1776946160615.jpg\" alt=\"\" width=\"1200\" height=\"1600\" srcset=\"http:\/\/paulorobertodaradio.com.br\/site\/wp-content\/uploads\/2026\/04\/FB_IMG_1776946160615.jpg 1200w, http:\/\/paulorobertodaradio.com.br\/site\/wp-content\/uploads\/2026\/04\/FB_IMG_1776946160615-225x300.jpg 225w, http:\/\/paulorobertodaradio.com.br\/site\/wp-content\/uploads\/2026\/04\/FB_IMG_1776946160615-768x1024.jpg 768w, http:\/\/paulorobertodaradio.com.br\/site\/wp-content\/uploads\/2026\/04\/FB_IMG_1776946160615-1152x1536.jpg 1152w\" sizes=\"auto, (max-width: 1200px) 100vw, 1200px\" \/><\/a> <a href=\"http:\/\/paulorobertodaradio.com.br\/site\/wp-content\/uploads\/2026\/04\/FB_IMG_1776946155977.jpg\"><img loading=\"lazy\" decoding=\"async\" class=\"alignnone size-full wp-image-148283\" src=\"http:\/\/paulorobertodaradio.com.br\/site\/wp-content\/uploads\/2026\/04\/FB_IMG_1776946155977.jpg\" alt=\"\" width=\"1600\" height=\"1200\" srcset=\"http:\/\/paulorobertodaradio.com.br\/site\/wp-content\/uploads\/2026\/04\/FB_IMG_1776946155977.jpg 1600w, http:\/\/paulorobertodaradio.com.br\/site\/wp-content\/uploads\/2026\/04\/FB_IMG_1776946155977-300x225.jpg 300w, http:\/\/paulorobertodaradio.com.br\/site\/wp-content\/uploads\/2026\/04\/FB_IMG_1776946155977-1024x768.jpg 1024w, http:\/\/paulorobertodaradio.com.br\/site\/wp-content\/uploads\/2026\/04\/FB_IMG_1776946155977-768x576.jpg 768w, http:\/\/paulorobertodaradio.com.br\/site\/wp-content\/uploads\/2026\/04\/FB_IMG_1776946155977-1536x1152.jpg 1536w\" sizes=\"auto, (max-width: 1600px) 100vw, 1600px\" \/><\/a>Muria\u00e9\/MG \u2013 Na madrugada desta quinta-feira (23\/04), a integra\u00e7\u00e3o entre sistemas de seguran\u00e7a privada e a pronta resposta da PMMG foi fundamental para evitar um furto em um galp\u00e3o em obras localizado na Rodovia Muria\u00e9\/Mira\u00ed. A ocorr\u00eancia resultou na recupera\u00e7\u00e3o de um ve\u00edculo furtado e na apreens\u00e3o de materiais utilizados na tentativa do crime.<\/p>\n<p>A a\u00e7\u00e3o criminosa foi frustrada gra\u00e7as \u00e0 efic\u00e1cia do sistema de alarme e das c\u00e2meras de seguran\u00e7a particulares instaladas no local. O propriet\u00e1rio do im\u00f3vel recebeu uma notifica\u00e7\u00e3o em seu celular de que o alarme havia disparado. Ao verificar as imagens das c\u00e2meras em tempo real, visualizou um indiv\u00edduo usando capacete no interior do galp\u00e3o e o acionamento da PMMG foi realizado de imediato.<\/p>\n<p>A resposta \u00e1gil das equipes do 47\u00ba BPM foi determinante para impedir a consuma\u00e7\u00e3o do furto. O autor, que j\u00e1 havia cortado os fios de energia el\u00e9trica e de internet do local, notou a r\u00e1pida aproxima\u00e7\u00e3o policial e evadiu antes que pudesse subtrair qualquer bem. Na pressa da fuga, o indiv\u00edduo abandonou diversas ferramentas e um simulacro de arma de fogo (tipo pistola) no interior do im\u00f3vel.<\/p>\n<p>Durante os rastreamentos e o levantamento de informa\u00e7\u00f5es nas imedia\u00e7\u00f5es do galp\u00e3o, a PMMG localizou uma motocicleta de cor preta abandonada na rodovia. O ve\u00edculo estava sinalizado como furtado desde o dia 20\/04\/2026 e encontrava-se adulterado, utilizando a placa de uma outra motocicleta.<\/p>\n<p>A per\u00edcia t\u00e9cnica esteve no local para os trabalhos de praxe. A motocicleta recuperada foi removida ao p\u00e1tio credenciado e os materiais apreendidos foram encaminhados \u00e0 Delegacia. O autor n\u00e3o foi encontrado ainda.<\/p>\n<p>*Materiais Apreendidos\/Recuperados:*<br \/>\n* 01 Motocicleta recuperada (cor preta);<br \/>\n* 01 Simulacro de arma de fogo (pistola);<br \/>\n* Diversas ferramentas utilizadas na tentativa de arrombamento.<\/p>\n<p>&nbsp;<\/p>\n","protected":false},"excerpt":{"rendered":"<p>Muria\u00e9\/MG \u2013 Na madrugada desta quinta-feira (23\/04), a integra\u00e7\u00e3o entre sistemas de seguran\u00e7a privada e a pronta resposta da PMMG foi fundamental para evitar um furto em um galp\u00e3o em obras localizado na Rodovia Muria\u00e9\/Mira\u00ed. A ocorr\u00eancia resultou na recupera\u00e7\u00e3o de um ve\u00edculo furtado e na apreens\u00e3o de materiais utilizados na tentativa do crime. A [&hellip;]<\/p>\n","protected":false},"author":2,"featured_media":148281,"comment_status":"open","ping_status":"closed","sticky":false,"template":"","format":"standard","meta":{"footnotes":""},"categories":[1],"tags":[],"class_list":["post-148279","post","type-post","status-publish","format-standard","has-post-thumbnail","hentry","category-sem-categoria"],"_links":{"self":[{"href":"http:\/\/paulorobertodaradio.com.br\/site\/index.php?rest_route=\/wp\/v2\/posts\/148279","targetHints":{"allow":["GET"]}}],"collection":[{"href":"http:\/\/paulorobertodaradio.com.br\/site\/index.php?rest_route=\/wp\/v2\/posts"}],"about":[{"href":"http:\/\/paulorobertodaradio.com.br\/site\/index.php?rest_route=\/wp\/v2\/types\/post"}],"author":[{"embeddable":true,"href":"http:\/\/paulorobertodaradio.com.br\/site\/index.php?rest_route=\/wp\/v2\/users\/2"}],"replies":[{"embeddable":true,"href":"http:\/\/paulorobertodaradio.com.br\/site\/index.php?rest_route=%2Fwp%2Fv2%2Fcomments&post=148279"}],"version-history":[{"count":2,"href":"http:\/\/paulorobertodaradio.com.br\/site\/index.php?rest_route=\/wp\/v2\/posts\/148279\/revisions"}],"predecessor-version":[{"id":148284,"href":"http:\/\/paulorobertodaradio.com.br\/site\/index.php?rest_route=\/wp\/v2\/posts\/148279\/revisions\/148284"}],"wp:featuredmedia":[{"embeddable":true,"href":"http:\/\/paulorobertodaradio.com.br\/site\/index.php?rest_route=\/wp\/v2\/media\/148281"}],"wp:attachment":[{"href":"http:\/\/paulorobertodaradio.com.br\/site\/index.php?rest_route=%2Fwp%2Fv2%2Fmedia&parent=148279"}],"wp:term":[{"taxonomy":"category","embeddable":true,"href":"http:\/\/paulorobertodaradio.com.br\/site\/index.php?rest_route=%2Fwp%2Fv2%2Fcategories&post=148279"},{"taxonomy":"post_tag","embeddable":true,"href":"http:\/\/paulorobertodaradio.com.br\/site\/index.php?rest_route=%2Fwp%2Fv2%2Ftags&post=148279"}],"curies":[{"name":"wp","href":"https:\/\/api.w.org\/{rel}","templated":true}]}}