{"id":148297,"date":"2026-04-25T08:04:44","date_gmt":"2026-04-25T11:04:44","guid":{"rendered":"https:\/\/paulorobertodaradio.com.br\/site\/?p=148297"},"modified":"2026-04-25T08:04:44","modified_gmt":"2026-04-25T11:04:44","slug":"agora-voce-pode-tirar-sua-carteira-de-identidade-em-fervedouro-na-sede-da-policia-civil","status":"publish","type":"post","link":"http:\/\/paulorobertodaradio.com.br\/site\/?p=148297","title":{"rendered":"AGORA VOC\u00ca PODE TIRAR SUA CARTEIRA DE IDENTIDADE EM FERVEDOURO, NA SEDE DA POL\u00cdCIA CIVIL"},"content":{"rendered":"<p>Documentos necess\u00e1rios:<\/p>\n<p>CPF, certid\u00e3o de nascimento ou casamento original, com ou sem averba\u00e7\u00e3o. N\u00e3o precisa estar atualizada, mas deve estar leg\u00edvel e em bom estado.<\/p>\n<p>Tamb\u00e9m \u00e9 necess\u00e1rio apresentar comprovante de resid\u00eancia, telefone e e-mail, caso possua.<\/p>\n<p>O agendamento ter\u00e1 in\u00edcio no dia 4 de maio.<\/p>\n<p>Agendamento somente presencial na Sede da Pol\u00edcia Civil de Fervedouro. Rua Osvaldo Fernandes, 602, Centro.<\/p>\n","protected":false},"excerpt":{"rendered":"<p>Documentos necess\u00e1rios: CPF, certid\u00e3o de nascimento ou casamento original, com ou sem averba\u00e7\u00e3o. N\u00e3o precisa estar atualizada, mas deve estar leg\u00edvel e em bom estado. Tamb\u00e9m \u00e9 necess\u00e1rio apresentar comprovante de resid\u00eancia, telefone e e-mail, caso possua. O agendamento ter\u00e1 in\u00edcio no dia 4 de maio. Agendamento somente presencial na Sede da Pol\u00edcia Civil de [&hellip;]<\/p>\n","protected":false},"author":2,"featured_media":50498,"comment_status":"open","ping_status":"closed","sticky":false,"template":"","format":"standard","meta":{"footnotes":""},"categories":[1],"tags":[],"class_list":["post-148297","post","type-post","status-publish","format-standard","has-post-thumbnail","hentry","category-sem-categoria"],"_links":{"self":[{"href":"http:\/\/paulorobertodaradio.com.br\/site\/index.php?rest_route=\/wp\/v2\/posts\/148297","targetHints":{"allow":["GET"]}}],"collection":[{"href":"http:\/\/paulorobertodaradio.com.br\/site\/index.php?rest_route=\/wp\/v2\/posts"}],"about":[{"href":"http:\/\/paulorobertodaradio.com.br\/site\/index.php?rest_route=\/wp\/v2\/types\/post"}],"author":[{"embeddable":true,"href":"http:\/\/paulorobertodaradio.com.br\/site\/index.php?rest_route=\/wp\/v2\/users\/2"}],"replies":[{"embeddable":true,"href":"http:\/\/paulorobertodaradio.com.br\/site\/index.php?rest_route=%2Fwp%2Fv2%2Fcomments&post=148297"}],"version-history":[{"count":1,"href":"http:\/\/paulorobertodaradio.com.br\/site\/index.php?rest_route=\/wp\/v2\/posts\/148297\/revisions"}],"predecessor-version":[{"id":148298,"href":"http:\/\/paulorobertodaradio.com.br\/site\/index.php?rest_route=\/wp\/v2\/posts\/148297\/revisions\/148298"}],"wp:featuredmedia":[{"embeddable":true,"href":"http:\/\/paulorobertodaradio.com.br\/site\/index.php?rest_route=\/wp\/v2\/media\/50498"}],"wp:attachment":[{"href":"http:\/\/paulorobertodaradio.com.br\/site\/index.php?rest_route=%2Fwp%2Fv2%2Fmedia&parent=148297"}],"wp:term":[{"taxonomy":"category","embeddable":true,"href":"http:\/\/paulorobertodaradio.com.br\/site\/index.php?rest_route=%2Fwp%2Fv2%2Fcategories&post=148297"},{"taxonomy":"post_tag","embeddable":true,"href":"http:\/\/paulorobertodaradio.com.br\/site\/index.php?rest_route=%2Fwp%2Fv2%2Ftags&post=148297"}],"curies":[{"name":"wp","href":"https:\/\/api.w.org\/{rel}","templated":true}]}}