{"id":148299,"date":"2026-04-27T09:27:03","date_gmt":"2026-04-27T12:27:03","guid":{"rendered":"https:\/\/paulorobertodaradio.com.br\/site\/?p=148299"},"modified":"2026-04-27T09:27:03","modified_gmt":"2026-04-27T12:27:03","slug":"faleceu-andre-luiz-antunes-mendes-de-rosario-da-limeira","status":"publish","type":"post","link":"http:\/\/paulorobertodaradio.com.br\/site\/?p=148299","title":{"rendered":"FALECEU ANDRE LUIZ ANTUNES MENDES, DE ROS\u00c1RIO DA LIMEIRA"},"content":{"rendered":"<p>Os familiares de Andr\u00e9 Luiz Antunes Mendes cumprem o doloroso dever de comunicar o seu falecimento e convidam parentes e amigos para seu sepultamento.<\/p>\n<p>O corpo j\u00e1 est\u00e1 sendo velado na igreja metodista de Ros\u00e1rio da Limeira. O sepultamento ocorrer\u00e1 as 17:00 horas no cemit\u00e9rio de Ros\u00e1rio da Limeira.<\/p>\n<p>Noticiamos com pesar o falecimento de Andr\u00e9 Luiz Antunes Mendes,\u00a0 mais conhecido como Andr\u00e9 filho da Lola.<br \/>\nInformou o plano familiar Pax Jos\u00e9 schittini.<a href=\"http:\/\/paulorobertodaradio.com.br\/site\/wp-content\/uploads\/2019\/07\/nota-da-pax.jpg\"><img loading=\"lazy\" decoding=\"async\" class=\"size-full wp-image-90848 aligncenter\" src=\"http:\/\/paulorobertodaradio.com.br\/site\/wp-content\/uploads\/2019\/07\/nota-da-pax.jpg\" alt=\"\" width=\"500\" height=\"100\" srcset=\"http:\/\/paulorobertodaradio.com.br\/site\/wp-content\/uploads\/2019\/07\/nota-da-pax.jpg 500w, http:\/\/paulorobertodaradio.com.br\/site\/wp-content\/uploads\/2019\/07\/nota-da-pax-300x60.jpg 300w\" sizes=\"auto, (max-width: 500px) 100vw, 500px\" \/><\/a><\/p>\n","protected":false},"excerpt":{"rendered":"<p>Os familiares de Andr\u00e9 Luiz Antunes Mendes cumprem o doloroso dever de comunicar o seu falecimento e convidam parentes e amigos para seu sepultamento. O corpo j\u00e1 est\u00e1 sendo velado na igreja metodista de Ros\u00e1rio da Limeira. O sepultamento ocorrer\u00e1 as 17:00 horas no cemit\u00e9rio de Ros\u00e1rio da Limeira. Noticiamos com pesar o falecimento de [&hellip;]<\/p>\n","protected":false},"author":2,"featured_media":93242,"comment_status":"open","ping_status":"closed","sticky":false,"template":"","format":"standard","meta":{"footnotes":""},"categories":[1],"tags":[],"class_list":["post-148299","post","type-post","status-publish","format-standard","has-post-thumbnail","hentry","category-sem-categoria"],"_links":{"self":[{"href":"http:\/\/paulorobertodaradio.com.br\/site\/index.php?rest_route=\/wp\/v2\/posts\/148299","targetHints":{"allow":["GET"]}}],"collection":[{"href":"http:\/\/paulorobertodaradio.com.br\/site\/index.php?rest_route=\/wp\/v2\/posts"}],"about":[{"href":"http:\/\/paulorobertodaradio.com.br\/site\/index.php?rest_route=\/wp\/v2\/types\/post"}],"author":[{"embeddable":true,"href":"http:\/\/paulorobertodaradio.com.br\/site\/index.php?rest_route=\/wp\/v2\/users\/2"}],"replies":[{"embeddable":true,"href":"http:\/\/paulorobertodaradio.com.br\/site\/index.php?rest_route=%2Fwp%2Fv2%2Fcomments&post=148299"}],"version-history":[{"count":1,"href":"http:\/\/paulorobertodaradio.com.br\/site\/index.php?rest_route=\/wp\/v2\/posts\/148299\/revisions"}],"predecessor-version":[{"id":148300,"href":"http:\/\/paulorobertodaradio.com.br\/site\/index.php?rest_route=\/wp\/v2\/posts\/148299\/revisions\/148300"}],"wp:featuredmedia":[{"embeddable":true,"href":"http:\/\/paulorobertodaradio.com.br\/site\/index.php?rest_route=\/wp\/v2\/media\/93242"}],"wp:attachment":[{"href":"http:\/\/paulorobertodaradio.com.br\/site\/index.php?rest_route=%2Fwp%2Fv2%2Fmedia&parent=148299"}],"wp:term":[{"taxonomy":"category","embeddable":true,"href":"http:\/\/paulorobertodaradio.com.br\/site\/index.php?rest_route=%2Fwp%2Fv2%2Fcategories&post=148299"},{"taxonomy":"post_tag","embeddable":true,"href":"http:\/\/paulorobertodaradio.com.br\/site\/index.php?rest_route=%2Fwp%2Fv2%2Ftags&post=148299"}],"curies":[{"name":"wp","href":"https:\/\/api.w.org\/{rel}","templated":true}]}}