{"id":148301,"date":"2026-04-28T14:48:06","date_gmt":"2026-04-28T17:48:06","guid":{"rendered":"https:\/\/paulorobertodaradio.com.br\/site\/?p=148301"},"modified":"2026-04-28T14:59:34","modified_gmt":"2026-04-28T17:59:34","slug":"samu-192-cideste-abre-processo-seletivo-com-vagas-para-profissionais-da-saude-e-condutores-socorristas","status":"publish","type":"post","link":"http:\/\/paulorobertodaradio.com.br\/site\/?p=148301","title":{"rendered":"SAMU 192 &#8211; CIDESTE ABRE PROCESSO SELETIVO COM VAGAS PARA PROFISSIONAIS DA SA\u00daDE E CONDUTORES- SOCORRISTAS"},"content":{"rendered":"<p><a href=\"http:\/\/paulorobertodaradio.com.br\/site\/wp-content\/uploads\/2026\/04\/FB_IMG_1777398979278.jpg\"><img loading=\"lazy\" decoding=\"async\" class=\"alignnone size-full wp-image-148304\" src=\"http:\/\/paulorobertodaradio.com.br\/site\/wp-content\/uploads\/2026\/04\/FB_IMG_1777398979278.jpg\" alt=\"\" width=\"2048\" height=\"1550\" srcset=\"http:\/\/paulorobertodaradio.com.br\/site\/wp-content\/uploads\/2026\/04\/FB_IMG_1777398979278.jpg 2048w, http:\/\/paulorobertodaradio.com.br\/site\/wp-content\/uploads\/2026\/04\/FB_IMG_1777398979278-300x227.jpg 300w, http:\/\/paulorobertodaradio.com.br\/site\/wp-content\/uploads\/2026\/04\/FB_IMG_1777398979278-1024x775.jpg 1024w, http:\/\/paulorobertodaradio.com.br\/site\/wp-content\/uploads\/2026\/04\/FB_IMG_1777398979278-768x581.jpg 768w, http:\/\/paulorobertodaradio.com.br\/site\/wp-content\/uploads\/2026\/04\/FB_IMG_1777398979278-1536x1163.jpg 1536w\" sizes=\"auto, (max-width: 2048px) 100vw, 2048px\" \/><\/a>O Servi\u00e7o de Atendimento M\u00f3vel de Urg\u00eancia (SAMU 192) \u2013 Cons\u00f3rcio Intermunicipal de Sa\u00fade da Regi\u00e3o Sudeste (CISDESTE) est\u00e1 com inscri\u00e7\u00f5es abertas para o Processo Seletivo Simplificado n\u00ba 004\/2026. As oportunidades s\u00e3o destinadas \u00e0 forma\u00e7\u00e3o de cadastro e contrata\u00e7\u00e3o de profissionais para os cargos de m\u00e9dicos, enfermeiros, t\u00e9cnicos em enfermagem e condutores-socorristas.<\/p>\n<p>As vagas contemplam atua\u00e7\u00e3o nas 44 bases descentralizadas j\u00e1 existentes, al\u00e9m de refor\u00e7ar o quadro de profissionais nas 17 novas bases que est\u00e3o em fase de amplia\u00e7\u00e3o nos munic\u00edpios de Liberdade, Miradouro, Merc\u00eas, Pira\u00faba, Divino, Tombos, Pirapetinga, Mar de Espanha, Marip\u00e1 de Minas, Alto Capara\u00f3, Acaiaca, Dom Silv\u00e9rio, Guaraciaba, Piedade de Ponte Nova, Porto Firme, Pocrane e Sericita.<\/p>\n<p>O processo seletivo tamb\u00e9m prev\u00ea a contrata\u00e7\u00e3o de novos profissionais para bases que est\u00e3o passando por amplia\u00e7\u00e3o do n\u00famero de ambul\u00e2ncias, como Juiz de Fora (2 USBs), Cataguases (USA), Vi\u00e7osa (USA), Muria\u00e9 (USB), Fervedouro (USA), S\u00e3o Jo\u00e3o Nepomuceno (USA), Al\u00e9m Para\u00edba (USA), Ipanema (USA) e Lajinha (USA).<\/p>\n<p>Os interessados devem acessar o edital completo, dispon\u00edvel no site oficial do CISDESTE:<br \/>\n<strong><a href=\"http:\/\/www.cisdeste.saude.mg.gov.br\/editais\/processos-seletivos\/\">http:\/\/www.cisdeste.saude.mg.gov.br\/editais\/processos-seletivos\/<\/a><\/strong><\/p>\n<p>Ap\u00f3s a leitura atenta do edital n\u00ba 004\/2026, o candidato dever\u00e1 preencher o formul\u00e1rio correspondente ao cargo pretendido, cujos links est\u00e3o dispon\u00edveis no item 3.2 \u2013 Inscri\u00e7\u00f5es.<\/p>\n<p>Al\u00e9m da remunera\u00e7\u00e3o e dos benef\u00edcios previstos pela Consolida\u00e7\u00e3o das Leis do Trabalho (CLT), como 13\u00ba sal\u00e1rio, f\u00e9rias remuneradas, FGTS, contribui\u00e7\u00e3o ao INSS, vale-transporte e licen\u00e7a-maternidade, os profissionais contratados contar\u00e3o com benef\u00edcios adicionais, como:<\/p>\n<p>Aux\u00edlio alimenta\u00e7\u00e3o de R$ 42,72;<br \/>\nSeguro de vida no valor de R$ 20.000,00;<br \/>\nAdicional de insalubridade de 20% sobre o sal\u00e1rio m\u00ednimo vigente;<br \/>\nPr\u00eamio de desempenho de R$ 200 (individual) + 4% (coletivo).<\/p>\n<p>Os requisitos espec\u00edficos para cada cargo est\u00e3o detalhados no edital.<\/p>\n<p>Munic\u00edpios com oportunidades:<br \/>\nAbre Campo, Acaiaca, Al\u00e9m Para\u00edba, Alto Capara\u00f3, Alvin\u00f3polis, Andrel\u00e2ndia, Araponga, Astolfo Dutra, Bicas, Bom Jardim de Minas, Carangola, Cataguases, Divino, Dom Silv\u00e9rio, Erv\u00e1lia, Espera Feliz, Fervedouro, Goian\u00e1, Guaraciaba, Ipanema, Jequeri, Juiz de Fora, Lajinha, Laranjal, Leopoldina, Liberdade, Lima Duarte, Manhua\u00e7u, Manhumirim, Mar de Espanha, Marip\u00e1 de Minas, Matias Barbosa, Matip\u00f3, Merc\u00eas, Miradouro, Mira\u00ed, Muria\u00e9, Mutum, Patroc\u00ednio do Muria\u00e9, Piedade de Ponte Nova, Pirapetinga, Pira\u00faba, Pocrane, Ponte Nova, Porto Firme, Raul Soares, Rio Casca, Rio Pomba, Rio Preto, Santana do Manhua\u00e7u, Santos Dumont, S\u00e3o Jo\u00e3o do Manhua\u00e7u, S\u00e3o Jo\u00e3o Nepomuceno, S\u00e3o Jos\u00e9 do Goiabal, Senador Firmino, Sericita, Teixeiras, Tombos, Ub\u00e1, Vi\u00e7osa e Visconde do Rio Branco.<\/p>\n<p>O CISDESTE refor\u00e7a a import\u00e2ncia da leitura completa do edital e convida os profissionais interessados a integrarem a rede SAMU 192, que desempenha papel essencial no atendimento de urg\u00eancia e emerg\u00eancia em toda a regi\u00e3o.<br \/>\nAs inscri\u00e7\u00f5es v\u00e3o at\u00e9 o dia 03\/05.<\/p>\n","protected":false},"excerpt":{"rendered":"<p>O Servi\u00e7o de Atendimento M\u00f3vel de Urg\u00eancia (SAMU 192) \u2013 Cons\u00f3rcio Intermunicipal de Sa\u00fade da Regi\u00e3o Sudeste (CISDESTE) est\u00e1 com inscri\u00e7\u00f5es abertas para o Processo Seletivo Simplificado n\u00ba 004\/2026. As oportunidades s\u00e3o destinadas \u00e0 forma\u00e7\u00e3o de cadastro e contrata\u00e7\u00e3o de profissionais para os cargos de m\u00e9dicos, enfermeiros, t\u00e9cnicos em enfermagem e condutores-socorristas. As vagas contemplam [&hellip;]<\/p>\n","protected":false},"author":2,"featured_media":148303,"comment_status":"open","ping_status":"closed","sticky":false,"template":"","format":"standard","meta":{"footnotes":""},"categories":[1],"tags":[],"class_list":["post-148301","post","type-post","status-publish","format-standard","has-post-thumbnail","hentry","category-sem-categoria"],"_links":{"self":[{"href":"http:\/\/paulorobertodaradio.com.br\/site\/index.php?rest_route=\/wp\/v2\/posts\/148301","targetHints":{"allow":["GET"]}}],"collection":[{"href":"http:\/\/paulorobertodaradio.com.br\/site\/index.php?rest_route=\/wp\/v2\/posts"}],"about":[{"href":"http:\/\/paulorobertodaradio.com.br\/site\/index.php?rest_route=\/wp\/v2\/types\/post"}],"author":[{"embeddable":true,"href":"http:\/\/paulorobertodaradio.com.br\/site\/index.php?rest_route=\/wp\/v2\/users\/2"}],"replies":[{"embeddable":true,"href":"http:\/\/paulorobertodaradio.com.br\/site\/index.php?rest_route=%2Fwp%2Fv2%2Fcomments&post=148301"}],"version-history":[{"count":3,"href":"http:\/\/paulorobertodaradio.com.br\/site\/index.php?rest_route=\/wp\/v2\/posts\/148301\/revisions"}],"predecessor-version":[{"id":148306,"href":"http:\/\/paulorobertodaradio.com.br\/site\/index.php?rest_route=\/wp\/v2\/posts\/148301\/revisions\/148306"}],"wp:featuredmedia":[{"embeddable":true,"href":"http:\/\/paulorobertodaradio.com.br\/site\/index.php?rest_route=\/wp\/v2\/media\/148303"}],"wp:attachment":[{"href":"http:\/\/paulorobertodaradio.com.br\/site\/index.php?rest_route=%2Fwp%2Fv2%2Fmedia&parent=148301"}],"wp:term":[{"taxonomy":"category","embeddable":true,"href":"http:\/\/paulorobertodaradio.com.br\/site\/index.php?rest_route=%2Fwp%2Fv2%2Fcategories&post=148301"},{"taxonomy":"post_tag","embeddable":true,"href":"http:\/\/paulorobertodaradio.com.br\/site\/index.php?rest_route=%2Fwp%2Fv2%2Ftags&post=148301"}],"curies":[{"name":"wp","href":"https:\/\/api.w.org\/{rel}","templated":true}]}}