{"id":148332,"date":"2026-04-28T20:43:51","date_gmt":"2026-04-28T23:43:51","guid":{"rendered":"https:\/\/paulorobertodaradio.com.br\/site\/?p=148332"},"modified":"2026-04-28T20:43:51","modified_gmt":"2026-04-28T23:43:51","slug":"empresario-paulo-henrique-e-destaque-entre-os-10-melhores-consultores-de-mg-e-es-em-evento-da-ademicon","status":"publish","type":"post","link":"http:\/\/paulorobertodaradio.com.br\/site\/?p=148332","title":{"rendered":"EMPRES\u00c1RIO PAULO HENRIQUE \u00c9 DESTAQUE ENTRE OS 10 MELHORES CONSULTORES DE MG E ES EM EVENTO DA ADEMICON"},"content":{"rendered":"<p><a href=\"http:\/\/paulorobertodaradio.com.br\/site\/wp-content\/uploads\/2026\/04\/IMG-20260416-WA0398.jpg\"><img loading=\"lazy\" decoding=\"async\" class=\"size-full wp-image-148330 aligncenter\" src=\"http:\/\/paulorobertodaradio.com.br\/site\/wp-content\/uploads\/2026\/04\/IMG-20260416-WA0398.jpg\" alt=\"\" width=\"611\" height=\"814\" srcset=\"http:\/\/paulorobertodaradio.com.br\/site\/wp-content\/uploads\/2026\/04\/IMG-20260416-WA0398.jpg 611w, http:\/\/paulorobertodaradio.com.br\/site\/wp-content\/uploads\/2026\/04\/IMG-20260416-WA0398-225x300.jpg 225w\" sizes=\"auto, (max-width: 611px) 100vw, 611px\" \/><\/a><\/p>\n<p><strong>Reconhecimento foi conquistado durante encontro que reuniu profissionais de alta performance em Belo Horizonte<\/strong><\/p>\n<p>O empres\u00e1rio Paulo Henrique conquistou destaque ao figurar entre os 10 melhores consultores dos estados de Minas Gerais e Esp\u00edrito Santo durante o Evento Acelerador Profissional da Ademicon, realizado no in\u00edcio de Mar\u00e7o, em Belo Horizonte.<\/p>\n<p>O encontro reuniu profissionais de alto desempenho do setor de Cons\u00f3rcios, com foco em desenvolvimento, alinhamento estrat\u00e9gico e troca de experi\u00eancias entre especialistas do mercado.<\/p>\n<p>O reconhecimento posiciona Paulo Henrique entre os principais nomes em atua\u00e7\u00e3o nos dois estados, refletindo um trabalho baseado em planejamento, consist\u00eancia e estrat\u00e9gias voltadas \u00e0 gera\u00e7\u00e3o de resultados.<\/p>\n<p>A programa\u00e7\u00e3o contou ainda com a presen\u00e7a de grandes refer\u00eancias do setor, entre elas o Diretor Master da Ademicon, Andr\u00e9 Marini, considerado uma das maiores autoridades do segmento no pa\u00eds e consultor de importantes personalidades brasileiras.<\/p>\n<p>Com atua\u00e7\u00e3o em Muria\u00e9 e regi\u00e3o, Paulo Henrique vem ampliando sua presen\u00e7a no mercado financeiro por meio de uma atua\u00e7\u00e3o estrat\u00e9gica, focada no desenvolvimento de equipe, expans\u00e3o de projetos e entrega de solu\u00e7\u00f5es personalizadas.<\/p>\n<p>O reconhecimento refor\u00e7a n\u00e3o apenas os resultados j\u00e1 alcan\u00e7ados, mas tamb\u00e9m o momento de crescimento, consolidando o empres\u00e1rio como uma das refer\u00eancias em solu\u00e7\u00f5es financeiras na regi\u00e3o.<\/p>\n<p>Se voc\u00ea deseja fazer parte do nosso time ou conhecer mais sobre o modelo de expans\u00e3o do empres\u00e1rio Paulo Henrique, entre em contato. Tem uma equipe \u00e0 disposi\u00e7\u00e3o para apresentar como funciona, de que forma voc\u00ea pode fazer parte desse crescimento e tamb\u00e9m se tornar cliente.<\/p>\n<p>WhatsApp: (32) 9 9977-0999<\/p>\n<p>Instagram:\u00a0<span style=\"color: #0000ff;\"><a style=\"color: #0000ff;\" href=\"https:\/\/www.instagram.com\/ph.aceleradorpatrimonial\"> https:\/\/www.instagram.com\/ph.aceleradorpatrimonial<\/a><\/span><\/p>\n<p>Facebook:\u00a0 <span style=\"color: #0000ff;\"><a style=\"color: #0000ff;\" href=\"https:\/\/www.facebook.com\/paulohenriquelima.oficial\">https:\/\/www.facebook.com\/paulohenriquelima.oficial<\/a><\/span><\/p>\n<p><a href=\"http:\/\/paulorobertodaradio.com.br\/site\/wp-content\/uploads\/2026\/04\/FB_IMG_1777414126109.jpg\"><img loading=\"lazy\" decoding=\"async\" class=\"alignnone size-full wp-image-148319\" src=\"http:\/\/paulorobertodaradio.com.br\/site\/wp-content\/uploads\/2026\/04\/FB_IMG_1777414126109.jpg\" alt=\"\" width=\"1080\" height=\"1350\" \/><\/a><a href=\"http:\/\/paulorobertodaradio.com.br\/site\/wp-content\/uploads\/2026\/04\/IMG-20260416-WA0400.jpg\"><img loading=\"lazy\" decoding=\"async\" class=\"alignnone size-full wp-image-148328\" src=\"http:\/\/paulorobertodaradio.com.br\/site\/wp-content\/uploads\/2026\/04\/IMG-20260416-WA0400.jpg\" alt=\"\" width=\"960\" height=\"1200\" srcset=\"http:\/\/paulorobertodaradio.com.br\/site\/wp-content\/uploads\/2026\/04\/IMG-20260416-WA0400.jpg 960w, http:\/\/paulorobertodaradio.com.br\/site\/wp-content\/uploads\/2026\/04\/IMG-20260416-WA0400-240x300.jpg 240w, http:\/\/paulorobertodaradio.com.br\/site\/wp-content\/uploads\/2026\/04\/IMG-20260416-WA0400-819x1024.jpg 819w, http:\/\/paulorobertodaradio.com.br\/site\/wp-content\/uploads\/2026\/04\/IMG-20260416-WA0400-768x960.jpg 768w\" sizes=\"auto, (max-width: 960px) 100vw, 960px\" \/><\/a><a href=\"http:\/\/paulorobertodaradio.com.br\/site\/wp-content\/uploads\/2026\/04\/FB_IMG_1777414135528.jpg\"><img loading=\"lazy\" decoding=\"async\" class=\"alignnone size-full wp-image-148317\" src=\"http:\/\/paulorobertodaradio.com.br\/site\/wp-content\/uploads\/2026\/04\/FB_IMG_1777414135528.jpg\" alt=\"\" width=\"1040\" height=\"1300\" srcset=\"http:\/\/paulorobertodaradio.com.br\/site\/wp-content\/uploads\/2026\/04\/FB_IMG_1777414135528.jpg 1040w, http:\/\/paulorobertodaradio.com.br\/site\/wp-content\/uploads\/2026\/04\/FB_IMG_1777414135528-240x300.jpg 240w, http:\/\/paulorobertodaradio.com.br\/site\/wp-content\/uploads\/2026\/04\/FB_IMG_1777414135528-819x1024.jpg 819w, http:\/\/paulorobertodaradio.com.br\/site\/wp-content\/uploads\/2026\/04\/FB_IMG_1777414135528-768x960.jpg 768w\" sizes=\"auto, (max-width: 1040px) 100vw, 1040px\" \/><\/a><a href=\"http:\/\/paulorobertodaradio.com.br\/site\/wp-content\/uploads\/2026\/04\/IMG-20260416-WA0402.jpg\"><img loading=\"lazy\" decoding=\"async\" class=\"alignnone size-full wp-image-148329\" src=\"http:\/\/paulorobertodaradio.com.br\/site\/wp-content\/uploads\/2026\/04\/IMG-20260416-WA0402.jpg\" alt=\"\" width=\"1280\" height=\"1600\" srcset=\"http:\/\/paulorobertodaradio.com.br\/site\/wp-content\/uploads\/2026\/04\/IMG-20260416-WA0402.jpg 1280w, http:\/\/paulorobertodaradio.com.br\/site\/wp-content\/uploads\/2026\/04\/IMG-20260416-WA0402-240x300.jpg 240w, http:\/\/paulorobertodaradio.com.br\/site\/wp-content\/uploads\/2026\/04\/IMG-20260416-WA0402-819x1024.jpg 819w, http:\/\/paulorobertodaradio.com.br\/site\/wp-content\/uploads\/2026\/04\/IMG-20260416-WA0402-768x960.jpg 768w, http:\/\/paulorobertodaradio.com.br\/site\/wp-content\/uploads\/2026\/04\/IMG-20260416-WA0402-1229x1536.jpg 1229w\" sizes=\"auto, (max-width: 1280px) 100vw, 1280px\" \/><\/a><a href=\"http:\/\/paulorobertodaradio.com.br\/site\/wp-content\/uploads\/2026\/04\/IMG-20260416-WA0403.jpg\"><img loading=\"lazy\" decoding=\"async\" class=\"alignnone size-full wp-image-148325\" src=\"http:\/\/paulorobertodaradio.com.br\/site\/wp-content\/uploads\/2026\/04\/IMG-20260416-WA0403.jpg\" alt=\"\" width=\"1280\" height=\"770\" srcset=\"http:\/\/paulorobertodaradio.com.br\/site\/wp-content\/uploads\/2026\/04\/IMG-20260416-WA0403.jpg 1280w, http:\/\/paulorobertodaradio.com.br\/site\/wp-content\/uploads\/2026\/04\/IMG-20260416-WA0403-300x180.jpg 300w, http:\/\/paulorobertodaradio.com.br\/site\/wp-content\/uploads\/2026\/04\/IMG-20260416-WA0403-1024x616.jpg 1024w, http:\/\/paulorobertodaradio.com.br\/site\/wp-content\/uploads\/2026\/04\/IMG-20260416-WA0403-768x462.jpg 768w\" sizes=\"auto, (max-width: 1280px) 100vw, 1280px\" \/><\/a><a href=\"http:\/\/paulorobertodaradio.com.br\/site\/wp-content\/uploads\/2026\/04\/IMG-20260416-WA0404.jpg\"><img loading=\"lazy\" decoding=\"async\" class=\"alignnone size-full wp-image-148326\" src=\"http:\/\/paulorobertodaradio.com.br\/site\/wp-content\/uploads\/2026\/04\/IMG-20260416-WA0404.jpg\" alt=\"\" width=\"1145\" height=\"698\" srcset=\"http:\/\/paulorobertodaradio.com.br\/site\/wp-content\/uploads\/2026\/04\/IMG-20260416-WA0404.jpg 1145w, http:\/\/paulorobertodaradio.com.br\/site\/wp-content\/uploads\/2026\/04\/IMG-20260416-WA0404-300x183.jpg 300w, http:\/\/paulorobertodaradio.com.br\/site\/wp-content\/uploads\/2026\/04\/IMG-20260416-WA0404-1024x624.jpg 1024w, http:\/\/paulorobertodaradio.com.br\/site\/wp-content\/uploads\/2026\/04\/IMG-20260416-WA0404-768x468.jpg 768w\" sizes=\"auto, (max-width: 1145px) 100vw, 1145px\" \/><\/a><a href=\"http:\/\/paulorobertodaradio.com.br\/site\/wp-content\/uploads\/2026\/04\/IMG-20260416-WA0405.jpg\"><img loading=\"lazy\" decoding=\"async\" class=\"size-full wp-image-148327 aligncenter\" src=\"http:\/\/paulorobertodaradio.com.br\/site\/wp-content\/uploads\/2026\/04\/IMG-20260416-WA0405.jpg\" alt=\"\" width=\"677\" height=\"846\" srcset=\"http:\/\/paulorobertodaradio.com.br\/site\/wp-content\/uploads\/2026\/04\/IMG-20260416-WA0405.jpg 677w, http:\/\/paulorobertodaradio.com.br\/site\/wp-content\/uploads\/2026\/04\/IMG-20260416-WA0405-240x300.jpg 240w\" sizes=\"auto, (max-width: 677px) 100vw, 677px\" \/><\/a><\/p>\n","protected":false},"excerpt":{"rendered":"<p>Reconhecimento foi conquistado durante encontro que reuniu profissionais de alta performance em Belo Horizonte O empres\u00e1rio Paulo Henrique conquistou destaque ao figurar entre os 10 melhores consultores dos estados de Minas Gerais e Esp\u00edrito Santo durante o Evento Acelerador Profissional da Ademicon, realizado no in\u00edcio de Mar\u00e7o, em Belo Horizonte. O encontro reuniu profissionais de [&hellip;]<\/p>\n","protected":false},"author":2,"featured_media":148330,"comment_status":"open","ping_status":"closed","sticky":false,"template":"","format":"standard","meta":{"footnotes":""},"categories":[1],"tags":[],"class_list":["post-148332","post","type-post","status-publish","format-standard","has-post-thumbnail","hentry","category-sem-categoria"],"_links":{"self":[{"href":"http:\/\/paulorobertodaradio.com.br\/site\/index.php?rest_route=\/wp\/v2\/posts\/148332","targetHints":{"allow":["GET"]}}],"collection":[{"href":"http:\/\/paulorobertodaradio.com.br\/site\/index.php?rest_route=\/wp\/v2\/posts"}],"about":[{"href":"http:\/\/paulorobertodaradio.com.br\/site\/index.php?rest_route=\/wp\/v2\/types\/post"}],"author":[{"embeddable":true,"href":"http:\/\/paulorobertodaradio.com.br\/site\/index.php?rest_route=\/wp\/v2\/users\/2"}],"replies":[{"embeddable":true,"href":"http:\/\/paulorobertodaradio.com.br\/site\/index.php?rest_route=%2Fwp%2Fv2%2Fcomments&post=148332"}],"version-history":[{"count":1,"href":"http:\/\/paulorobertodaradio.com.br\/site\/index.php?rest_route=\/wp\/v2\/posts\/148332\/revisions"}],"predecessor-version":[{"id":148333,"href":"http:\/\/paulorobertodaradio.com.br\/site\/index.php?rest_route=\/wp\/v2\/posts\/148332\/revisions\/148333"}],"wp:featuredmedia":[{"embeddable":true,"href":"http:\/\/paulorobertodaradio.com.br\/site\/index.php?rest_route=\/wp\/v2\/media\/148330"}],"wp:attachment":[{"href":"http:\/\/paulorobertodaradio.com.br\/site\/index.php?rest_route=%2Fwp%2Fv2%2Fmedia&parent=148332"}],"wp:term":[{"taxonomy":"category","embeddable":true,"href":"http:\/\/paulorobertodaradio.com.br\/site\/index.php?rest_route=%2Fwp%2Fv2%2Fcategories&post=148332"},{"taxonomy":"post_tag","embeddable":true,"href":"http:\/\/paulorobertodaradio.com.br\/site\/index.php?rest_route=%2Fwp%2Fv2%2Ftags&post=148332"}],"curies":[{"name":"wp","href":"https:\/\/api.w.org\/{rel}","templated":true}]}}