{"id":148334,"date":"2026-04-29T08:07:57","date_gmt":"2026-04-29T11:07:57","guid":{"rendered":"https:\/\/paulorobertodaradio.com.br\/site\/?p=148334"},"modified":"2026-04-29T08:53:43","modified_gmt":"2026-04-29T11:53:43","slug":"nota-de-falecimento-de-jeferson-ferreira-de-fervedouro","status":"publish","type":"post","link":"http:\/\/paulorobertodaradio.com.br\/site\/?p=148334","title":{"rendered":"NOTA DE FALECIMENTO DE JEFERSON FERREIRA, DE FERVEDOURO"},"content":{"rendered":"<p>A M\u00e3e Eliane, o Pa\u00ed Amador, mais conhecido como Gat\u00e3o. Os tios Maria da Penha e Fernando , as filhas Kaylane e Juliana,cumprem o doloroso dever de comunicar o falecimento de Jefferson Ferreira.<\/p>\n<p>Convidam parentes e amigos para seu sepultamento. corpo est\u00e1 sendo velado na capela da Pax Jos\u00e9 Schittini\u00a0 em Fervedouro.<\/p>\n<p>De onde sair\u00e1 nesta quarta-feira 12:00 horas para S\u00e3o Pedro do Gl\u00f3ria, para vel\u00f3rio na igreja cat\u00f3licas. O sepultamento ocorrer\u00e1 \u00e0s 17:00 horas desta quarta-feira, no cemit\u00e9rio de S\u00e3o Pedro do Gl\u00f3ria.<\/p>\n<p>Noticiamos com pesar o falecimento de Jefferson Ferreira.<\/p>\n<p>Informou o plano familiar Pax Jos\u00e9 Schitttini.<a href=\"http:\/\/paulorobertodaradio.com.br\/site\/wp-content\/uploads\/2026\/04\/FB_IMG_1777463039016.jpg\"><img loading=\"lazy\" decoding=\"async\" class=\"alignnone size-full wp-image-148336\" src=\"http:\/\/paulorobertodaradio.com.br\/site\/wp-content\/uploads\/2026\/04\/FB_IMG_1777463039016.jpg\" alt=\"\" width=\"1536\" height=\"1024\" srcset=\"http:\/\/paulorobertodaradio.com.br\/site\/wp-content\/uploads\/2026\/04\/FB_IMG_1777463039016.jpg 1536w, http:\/\/paulorobertodaradio.com.br\/site\/wp-content\/uploads\/2026\/04\/FB_IMG_1777463039016-300x200.jpg 300w, http:\/\/paulorobertodaradio.com.br\/site\/wp-content\/uploads\/2026\/04\/FB_IMG_1777463039016-1024x683.jpg 1024w, http:\/\/paulorobertodaradio.com.br\/site\/wp-content\/uploads\/2026\/04\/FB_IMG_1777463039016-768x512.jpg 768w, http:\/\/paulorobertodaradio.com.br\/site\/wp-content\/uploads\/2026\/04\/FB_IMG_1777463039016-1200x800.jpg 1200w\" sizes=\"auto, (max-width: 1536px) 100vw, 1536px\" \/><\/a><\/p>\n","protected":false},"excerpt":{"rendered":"<p>A M\u00e3e Eliane, o Pa\u00ed Amador, mais conhecido como Gat\u00e3o. Os tios Maria da Penha e Fernando , as filhas Kaylane e Juliana,cumprem o doloroso dever de comunicar o falecimento de Jefferson Ferreira. Convidam parentes e amigos para seu sepultamento. corpo est\u00e1 sendo velado na capela da Pax Jos\u00e9 Schittini\u00a0 em Fervedouro. De onde sair\u00e1 [&hellip;]<\/p>\n","protected":false},"author":2,"featured_media":148336,"comment_status":"open","ping_status":"closed","sticky":false,"template":"","format":"standard","meta":{"footnotes":""},"categories":[1],"tags":[],"class_list":["post-148334","post","type-post","status-publish","format-standard","has-post-thumbnail","hentry","category-sem-categoria"],"_links":{"self":[{"href":"http:\/\/paulorobertodaradio.com.br\/site\/index.php?rest_route=\/wp\/v2\/posts\/148334","targetHints":{"allow":["GET"]}}],"collection":[{"href":"http:\/\/paulorobertodaradio.com.br\/site\/index.php?rest_route=\/wp\/v2\/posts"}],"about":[{"href":"http:\/\/paulorobertodaradio.com.br\/site\/index.php?rest_route=\/wp\/v2\/types\/post"}],"author":[{"embeddable":true,"href":"http:\/\/paulorobertodaradio.com.br\/site\/index.php?rest_route=\/wp\/v2\/users\/2"}],"replies":[{"embeddable":true,"href":"http:\/\/paulorobertodaradio.com.br\/site\/index.php?rest_route=%2Fwp%2Fv2%2Fcomments&post=148334"}],"version-history":[{"count":2,"href":"http:\/\/paulorobertodaradio.com.br\/site\/index.php?rest_route=\/wp\/v2\/posts\/148334\/revisions"}],"predecessor-version":[{"id":148337,"href":"http:\/\/paulorobertodaradio.com.br\/site\/index.php?rest_route=\/wp\/v2\/posts\/148334\/revisions\/148337"}],"wp:featuredmedia":[{"embeddable":true,"href":"http:\/\/paulorobertodaradio.com.br\/site\/index.php?rest_route=\/wp\/v2\/media\/148336"}],"wp:attachment":[{"href":"http:\/\/paulorobertodaradio.com.br\/site\/index.php?rest_route=%2Fwp%2Fv2%2Fmedia&parent=148334"}],"wp:term":[{"taxonomy":"category","embeddable":true,"href":"http:\/\/paulorobertodaradio.com.br\/site\/index.php?rest_route=%2Fwp%2Fv2%2Fcategories&post=148334"},{"taxonomy":"post_tag","embeddable":true,"href":"http:\/\/paulorobertodaradio.com.br\/site\/index.php?rest_route=%2Fwp%2Fv2%2Ftags&post=148334"}],"curies":[{"name":"wp","href":"https:\/\/api.w.org\/{rel}","templated":true}]}}