{"id":148338,"date":"2026-04-29T16:24:57","date_gmt":"2026-04-29T19:24:57","guid":{"rendered":"https:\/\/paulorobertodaradio.com.br\/site\/?p=148338"},"modified":"2026-04-29T16:35:00","modified_gmt":"2026-04-29T19:35:00","slug":"arma-de-fogo-e-encontrada-na-casa-de-rapaz-encontrado-sem-vida-em-fervedouro","status":"publish","type":"post","link":"http:\/\/paulorobertodaradio.com.br\/site\/?p=148338","title":{"rendered":"ARMA DE FOGO \u00c9 ENCONTRADA NA CASA DE RAPAZ ENCONTRADO SEM VIDA EM FERVEDOURO"},"content":{"rendered":"<p>Por volta de 17:15, desta ter\u00e7a-feira (28\/04\/26) , foi encontrado um rev\u00f3lver, dentro de uma resid\u00eancia na Avenida Maria Am\u00e9lia de Souza Pedrosa, no Centro de Fervedouro.<\/p>\n<p>Segundo boletim de ocorr\u00eancias da Pol\u00edcia Militar, militares foram acionados depois que namorada de um rapaz, alegar que tentou v\u00e1rios contatos com seu namorado, desde segunda-feira, como n\u00e3o conseguiu \u00eaxito nesses contatos, ela foi at\u00e9 a casa do rapaz, gritou v\u00e1rias vezes e como n\u00e3o obteve respostas, ela entrou pela janela, sendo que encontrou o namorado ca\u00eddo dentro do banheiro, j\u00e1 sem vida.<\/p>\n<p>Ela acionou a Pol\u00edcia Militar, que ao entrar na casa, encontrou uma embalagem contendo resqu\u00edcios de subst\u00e2ncia semelhante \u00e0 coca\u00edna. E ao realizar buscas no im\u00f3vel, localizou e apreendeu um rev\u00f3lver calibre .38, carregado com seis muni\u00e7\u00f5es.<\/p>\n<p>A PM acionou a Per\u00edcia, mas mediante determina\u00e7\u00e3o do delegado de plant\u00e3o, nenhum perito foi at\u00e9 ao endere\u00e7o, visto que N\u00c3O TINHA NENHUM SINAL DE VIOL\u00caNCIA no corpo do rapaz, devido a isso a\u00a0 per\u00edcia t\u00e9cnica foi\u00a0 dispensada.<\/p>\n<p>O laudo de constata\u00e7\u00e3o da morte da v\u00edtima ficou na responsabilidade do munic\u00edpio. Vale destacar que diferente do que alguns boatos na\u00a0 cidade, a v\u00edtima N\u00e3o cometeu suic\u00eddio e\u00a0 tamb\u00e9m N\u00e3o teria sido assassinada.<\/p>\n<p>A Pol\u00edcia Militar registrou a ocorr\u00eancia como encontro de cad\u00e1ver e de arma de fogo e muni\u00e7\u00f5es.<\/p>\n","protected":false},"excerpt":{"rendered":"<p>Por volta de 17:15, desta ter\u00e7a-feira (28\/04\/26) , foi encontrado um rev\u00f3lver, dentro de uma resid\u00eancia na Avenida Maria Am\u00e9lia de Souza Pedrosa, no Centro de Fervedouro. Segundo boletim de ocorr\u00eancias da Pol\u00edcia Militar, militares foram acionados depois que namorada de um rapaz, alegar que tentou v\u00e1rios contatos com seu namorado, desde segunda-feira, como n\u00e3o [&hellip;]<\/p>\n","protected":false},"author":2,"featured_media":148341,"comment_status":"open","ping_status":"closed","sticky":false,"template":"","format":"standard","meta":{"footnotes":""},"categories":[1],"tags":[],"class_list":["post-148338","post","type-post","status-publish","format-standard","has-post-thumbnail","hentry","category-sem-categoria"],"_links":{"self":[{"href":"http:\/\/paulorobertodaradio.com.br\/site\/index.php?rest_route=\/wp\/v2\/posts\/148338","targetHints":{"allow":["GET"]}}],"collection":[{"href":"http:\/\/paulorobertodaradio.com.br\/site\/index.php?rest_route=\/wp\/v2\/posts"}],"about":[{"href":"http:\/\/paulorobertodaradio.com.br\/site\/index.php?rest_route=\/wp\/v2\/types\/post"}],"author":[{"embeddable":true,"href":"http:\/\/paulorobertodaradio.com.br\/site\/index.php?rest_route=\/wp\/v2\/users\/2"}],"replies":[{"embeddable":true,"href":"http:\/\/paulorobertodaradio.com.br\/site\/index.php?rest_route=%2Fwp%2Fv2%2Fcomments&post=148338"}],"version-history":[{"count":2,"href":"http:\/\/paulorobertodaradio.com.br\/site\/index.php?rest_route=\/wp\/v2\/posts\/148338\/revisions"}],"predecessor-version":[{"id":148342,"href":"http:\/\/paulorobertodaradio.com.br\/site\/index.php?rest_route=\/wp\/v2\/posts\/148338\/revisions\/148342"}],"wp:featuredmedia":[{"embeddable":true,"href":"http:\/\/paulorobertodaradio.com.br\/site\/index.php?rest_route=\/wp\/v2\/media\/148341"}],"wp:attachment":[{"href":"http:\/\/paulorobertodaradio.com.br\/site\/index.php?rest_route=%2Fwp%2Fv2%2Fmedia&parent=148338"}],"wp:term":[{"taxonomy":"category","embeddable":true,"href":"http:\/\/paulorobertodaradio.com.br\/site\/index.php?rest_route=%2Fwp%2Fv2%2Fcategories&post=148338"},{"taxonomy":"post_tag","embeddable":true,"href":"http:\/\/paulorobertodaradio.com.br\/site\/index.php?rest_route=%2Fwp%2Fv2%2Ftags&post=148338"}],"curies":[{"name":"wp","href":"https:\/\/api.w.org\/{rel}","templated":true}]}}