{"id":148347,"date":"2026-05-01T07:33:20","date_gmt":"2026-05-01T10:33:20","guid":{"rendered":"https:\/\/paulorobertodaradio.com.br\/site\/?p=148347"},"modified":"2026-05-01T07:33:20","modified_gmt":"2026-05-01T10:33:20","slug":"faleceu-senhor-antonio-maria-moutinho-antonio-vidoca-de-sao-francisco-do-gloria","status":"publish","type":"post","link":"http:\/\/paulorobertodaradio.com.br\/site\/?p=148347","title":{"rendered":"FALECEU SENHOR ANT\u00d4NIO MARIA MOUTINHO ( ANT\u00d4NIO VIDOCA) DE S\u00c3O FRANCISCO DO GL\u00d3RIA"},"content":{"rendered":"<p>A esposa Maria do Carmo Fraz\u00e3o ,juntamente com seus filhos, Viviane Fraz\u00e3o , David Fraz\u00e3o e pastora Liliane Fraz\u00e3o e demais familiares cumprem o doloroso dever de comunicar o falecimento de Ant\u00f4nio Maria Moutinho e convidam parentes e amigos para seu sepultamento.<\/p>\n<p>O corpo j\u00e1 est\u00e1 sendo velado na capela mortu\u00e1ria de S\u00e3o Francisco do Gl\u00f3ria . O sepultamento ocorrer\u00e1 \u00e0s 17:00\u00a0 horas no cemit\u00e9rio de S\u00e3o Francisco do Gl\u00f3ria.<\/p>\n<p>Noticiamos com pesar o falecimento de Ant\u00f4nio Maria Moutinho,\u00a0 mais conhecido como Ant\u00f4nio Vidoca<br \/>\nInformou o plano familiar Pax Jos\u00e9 Schittini.<a href=\"http:\/\/paulorobertodaradio.com.br\/site\/wp-content\/uploads\/2019\/07\/nota-da-pax.jpg\"><img loading=\"lazy\" decoding=\"async\" class=\"size-full wp-image-90848 aligncenter\" src=\"http:\/\/paulorobertodaradio.com.br\/site\/wp-content\/uploads\/2019\/07\/nota-da-pax.jpg\" alt=\"\" width=\"500\" height=\"100\" srcset=\"http:\/\/paulorobertodaradio.com.br\/site\/wp-content\/uploads\/2019\/07\/nota-da-pax.jpg 500w, http:\/\/paulorobertodaradio.com.br\/site\/wp-content\/uploads\/2019\/07\/nota-da-pax-300x60.jpg 300w\" sizes=\"auto, (max-width: 500px) 100vw, 500px\" \/><\/a><\/p>\n<p>&nbsp;<\/p>\n","protected":false},"excerpt":{"rendered":"<p>A esposa Maria do Carmo Fraz\u00e3o ,juntamente com seus filhos, Viviane Fraz\u00e3o , David Fraz\u00e3o e pastora Liliane Fraz\u00e3o e demais familiares cumprem o doloroso dever de comunicar o falecimento de Ant\u00f4nio Maria Moutinho e convidam parentes e amigos para seu sepultamento. O corpo j\u00e1 est\u00e1 sendo velado na capela mortu\u00e1ria de S\u00e3o Francisco do [&hellip;]<\/p>\n","protected":false},"author":2,"featured_media":93242,"comment_status":"open","ping_status":"closed","sticky":false,"template":"","format":"standard","meta":{"footnotes":""},"categories":[1],"tags":[],"class_list":["post-148347","post","type-post","status-publish","format-standard","has-post-thumbnail","hentry","category-sem-categoria"],"_links":{"self":[{"href":"http:\/\/paulorobertodaradio.com.br\/site\/index.php?rest_route=\/wp\/v2\/posts\/148347","targetHints":{"allow":["GET"]}}],"collection":[{"href":"http:\/\/paulorobertodaradio.com.br\/site\/index.php?rest_route=\/wp\/v2\/posts"}],"about":[{"href":"http:\/\/paulorobertodaradio.com.br\/site\/index.php?rest_route=\/wp\/v2\/types\/post"}],"author":[{"embeddable":true,"href":"http:\/\/paulorobertodaradio.com.br\/site\/index.php?rest_route=\/wp\/v2\/users\/2"}],"replies":[{"embeddable":true,"href":"http:\/\/paulorobertodaradio.com.br\/site\/index.php?rest_route=%2Fwp%2Fv2%2Fcomments&post=148347"}],"version-history":[{"count":1,"href":"http:\/\/paulorobertodaradio.com.br\/site\/index.php?rest_route=\/wp\/v2\/posts\/148347\/revisions"}],"predecessor-version":[{"id":148348,"href":"http:\/\/paulorobertodaradio.com.br\/site\/index.php?rest_route=\/wp\/v2\/posts\/148347\/revisions\/148348"}],"wp:featuredmedia":[{"embeddable":true,"href":"http:\/\/paulorobertodaradio.com.br\/site\/index.php?rest_route=\/wp\/v2\/media\/93242"}],"wp:attachment":[{"href":"http:\/\/paulorobertodaradio.com.br\/site\/index.php?rest_route=%2Fwp%2Fv2%2Fmedia&parent=148347"}],"wp:term":[{"taxonomy":"category","embeddable":true,"href":"http:\/\/paulorobertodaradio.com.br\/site\/index.php?rest_route=%2Fwp%2Fv2%2Fcategories&post=148347"},{"taxonomy":"post_tag","embeddable":true,"href":"http:\/\/paulorobertodaradio.com.br\/site\/index.php?rest_route=%2Fwp%2Fv2%2Ftags&post=148347"}],"curies":[{"name":"wp","href":"https:\/\/api.w.org\/{rel}","templated":true}]}}