{"id":148349,"date":"2026-05-01T13:29:42","date_gmt":"2026-05-01T16:29:42","guid":{"rendered":"https:\/\/paulorobertodaradio.com.br\/site\/?p=148349"},"modified":"2026-05-01T13:29:42","modified_gmt":"2026-05-01T16:29:42","slug":"operacao-conjunta-da-pmmg-prende-foragido-de-ervalia-homiziado-em-muriae","status":"publish","type":"post","link":"http:\/\/paulorobertodaradio.com.br\/site\/?p=148349","title":{"rendered":"OPERA\u00c7\u00c3O CONJUNTA DA PMMG PRENDE FORAGIDO DE ERV\u00c1LIA HOMIZIADO EM MURIA\u00c9"},"content":{"rendered":"<p>Na tarde desta quinta-feira (30), uma a\u00e7\u00e3o conjunta da PMMG resultou na pris\u00e3o de um homem de 35 anos, natural da cidade de Erv\u00e1lia\/MG, que estava foragido da Justi\u00e7a pelo crime de homic\u00eddio qualificado. O autor encontrava-se homiziado no bairro S\u00e3o Joaquim, no munic\u00edpio de Muria\u00e9\/MG.<\/p>\n<p>A captura ocorreu no escopo da Opera\u00e7\u00e3o &#8220;Luminis&#8221; e contou com a atua\u00e7\u00e3o integrada de equipes do pelot\u00e3o de Erv\u00e1lia e de militares do 47\u00ba BPM. A interven\u00e7\u00e3o foi desencadeada ap\u00f3s levantamentos de intelig\u00eancia que indicaram o paradeiro exato do indiv\u00edduo. Durante o monitoramento do endere\u00e7o, as guarni\u00e7\u00f5es visualizaram o foragido acessando um im\u00f3vel localizado nos fundos de uma resid\u00eancia.<\/p>\n<p>Ao perceber a presen\u00e7a policial, o indiv\u00edduo tentou evadir do local, mas foi prontamente alcan\u00e7ado, contido e algemado pelas equipes. Questionado, ele negou a exist\u00eancia de materiais il\u00edcitos no im\u00f3vel. Durante o desenrolar da ocorr\u00eancia, uma mulher que estava no local desobedeceu \u00e0s ordens legais emitidas pelos militares, o que gerou um registro de fato \u00e0 parte.<\/p>\n<p>A PMMG recolheu dois aparelhos celulares (um iPhone 13 e um iPhone 15) para fins de investiga\u00e7\u00e3o, tendo em vista a poss\u00edvel rela\u00e7\u00e3o dos equipamentos com pr\u00e1ticas criminosas. Diante do mandado de pris\u00e3o em aberto e dos fatos constatados, o autor foi encaminhado \u00e0 delegacia de Pol\u00edcia Civil, juntamente com os materiais apreendidos, para as provid\u00eancias legais cab\u00edveis.<\/p>\n","protected":false},"excerpt":{"rendered":"<p>Na tarde desta quinta-feira (30), uma a\u00e7\u00e3o conjunta da PMMG resultou na pris\u00e3o de um homem de 35 anos, natural da cidade de Erv\u00e1lia\/MG, que estava foragido da Justi\u00e7a pelo crime de homic\u00eddio qualificado. O autor encontrava-se homiziado no bairro S\u00e3o Joaquim, no munic\u00edpio de Muria\u00e9\/MG. A captura ocorreu no escopo da Opera\u00e7\u00e3o &#8220;Luminis&#8221; e [&hellip;]<\/p>\n","protected":false},"author":2,"featured_media":0,"comment_status":"open","ping_status":"closed","sticky":false,"template":"","format":"standard","meta":{"footnotes":""},"categories":[1],"tags":[],"class_list":["post-148349","post","type-post","status-publish","format-standard","hentry","category-sem-categoria"],"_links":{"self":[{"href":"http:\/\/paulorobertodaradio.com.br\/site\/index.php?rest_route=\/wp\/v2\/posts\/148349","targetHints":{"allow":["GET"]}}],"collection":[{"href":"http:\/\/paulorobertodaradio.com.br\/site\/index.php?rest_route=\/wp\/v2\/posts"}],"about":[{"href":"http:\/\/paulorobertodaradio.com.br\/site\/index.php?rest_route=\/wp\/v2\/types\/post"}],"author":[{"embeddable":true,"href":"http:\/\/paulorobertodaradio.com.br\/site\/index.php?rest_route=\/wp\/v2\/users\/2"}],"replies":[{"embeddable":true,"href":"http:\/\/paulorobertodaradio.com.br\/site\/index.php?rest_route=%2Fwp%2Fv2%2Fcomments&post=148349"}],"version-history":[{"count":1,"href":"http:\/\/paulorobertodaradio.com.br\/site\/index.php?rest_route=\/wp\/v2\/posts\/148349\/revisions"}],"predecessor-version":[{"id":148350,"href":"http:\/\/paulorobertodaradio.com.br\/site\/index.php?rest_route=\/wp\/v2\/posts\/148349\/revisions\/148350"}],"wp:attachment":[{"href":"http:\/\/paulorobertodaradio.com.br\/site\/index.php?rest_route=%2Fwp%2Fv2%2Fmedia&parent=148349"}],"wp:term":[{"taxonomy":"category","embeddable":true,"href":"http:\/\/paulorobertodaradio.com.br\/site\/index.php?rest_route=%2Fwp%2Fv2%2Fcategories&post=148349"},{"taxonomy":"post_tag","embeddable":true,"href":"http:\/\/paulorobertodaradio.com.br\/site\/index.php?rest_route=%2Fwp%2Fv2%2Ftags&post=148349"}],"curies":[{"name":"wp","href":"https:\/\/api.w.org\/{rel}","templated":true}]}}