{"id":148351,"date":"2026-05-01T13:31:12","date_gmt":"2026-05-01T16:31:12","guid":{"rendered":"https:\/\/paulorobertodaradio.com.br\/site\/?p=148351"},"modified":"2026-05-01T13:31:12","modified_gmt":"2026-05-01T16:31:12","slug":"pmmg-prende-jovem-de-18-anos-com-grande-quantidade-de-crack-em-divino","status":"publish","type":"post","link":"http:\/\/paulorobertodaradio.com.br\/site\/?p=148351","title":{"rendered":"PMMG PRENDE JOVEM DE 18 ANOS COM GRANDE QUANTIDADE DE CRACK EM DIVINO"},"content":{"rendered":"<p>(PMMG) a pris\u00e3o ocorreu ap\u00f3s den\u00fancias apontarem intensa movimenta\u00e7\u00e3o de com\u00e9rcio ilegal na regi\u00e3o central do munic\u00edpio.<\/p>\n<p>De acordo com a PM, as informa\u00e7\u00f5es indicavam que o suspeito utilizava menores de idade para realizar a venda de entorpecentes na Rua do Ros\u00e1rio, pr\u00f3ximo ao Hospital Municipal. O local j\u00e1 era conhecido por registros anteriores relacionados ao tr\u00e1fico de drogas.<\/p>\n<p>Em determinado momento o homem foi visto saindo de um local com uma sacola e demonstrando comportamento suspeito. Ao perceber a presen\u00e7a da equipe policial, tentou se desfazer do objeto, sendo abordado em seguida.<\/p>\n<p>Na abordagem, os policiais encontraram 01 (uma) Barra, 80 (oitenta) pedras de crack, al\u00e9m de duas balan\u00e7as, l\u00e2minas utilizadas para fracionamento e materiais para embalo da droga.<\/p>\n<p>Tamb\u00e9m foi apreendida una quantia em dinheiro e 01 (um) aparelho celular.<\/p>\n<p>Autor foi conduzido \u00e0 Delegacia de Pol\u00edcia Civil, onde permaneceu \u00e0 disposi\u00e7\u00e3o da Justi\u00e7a.<\/p>\n<p>Materiais Apreendidos:\u2022<br \/>\n&#8211; 01 TABLETE DE CRACK;<br \/>\n&#8211; 80 PEDRAS DE CRACK;<br \/>\n&#8211; \u206001 POR\u00c7\u00c3O FRACIONADA DE CRACK<br \/>\n&#8211; \u206002 BALAN\u00c7AS DE PRECIS\u00c3O;<br \/>\n&#8211; \u206007 L\u00c2MINAS DE BARBEAR;<br \/>\n&#8211; \u2060MATERIAL PARA ENDOLAGEM;<br \/>\n&#8211; \u206001 REL\u00d3GIO;<br \/>\n&#8211; \u206001 CORD\u00c3O;<br \/>\n&#8211; \u206003 PINGENTES;<br \/>\n&#8211; \u2060R$165,00;<br \/>\n&#8211; \u206001 APARELHO CELULAR.<\/p>\n<p>Fonte: Pol\u00edcia Militar<\/p>\n","protected":false},"excerpt":{"rendered":"<p>(PMMG) a pris\u00e3o ocorreu ap\u00f3s den\u00fancias apontarem intensa movimenta\u00e7\u00e3o de com\u00e9rcio ilegal na regi\u00e3o central do munic\u00edpio. De acordo com a PM, as informa\u00e7\u00f5es indicavam que o suspeito utilizava menores de idade para realizar a venda de entorpecentes na Rua do Ros\u00e1rio, pr\u00f3ximo ao Hospital Municipal. O local j\u00e1 era conhecido por registros anteriores relacionados [&hellip;]<\/p>\n","protected":false},"author":2,"featured_media":0,"comment_status":"open","ping_status":"closed","sticky":false,"template":"","format":"standard","meta":{"footnotes":""},"categories":[1],"tags":[],"class_list":["post-148351","post","type-post","status-publish","format-standard","hentry","category-sem-categoria"],"_links":{"self":[{"href":"http:\/\/paulorobertodaradio.com.br\/site\/index.php?rest_route=\/wp\/v2\/posts\/148351","targetHints":{"allow":["GET"]}}],"collection":[{"href":"http:\/\/paulorobertodaradio.com.br\/site\/index.php?rest_route=\/wp\/v2\/posts"}],"about":[{"href":"http:\/\/paulorobertodaradio.com.br\/site\/index.php?rest_route=\/wp\/v2\/types\/post"}],"author":[{"embeddable":true,"href":"http:\/\/paulorobertodaradio.com.br\/site\/index.php?rest_route=\/wp\/v2\/users\/2"}],"replies":[{"embeddable":true,"href":"http:\/\/paulorobertodaradio.com.br\/site\/index.php?rest_route=%2Fwp%2Fv2%2Fcomments&post=148351"}],"version-history":[{"count":1,"href":"http:\/\/paulorobertodaradio.com.br\/site\/index.php?rest_route=\/wp\/v2\/posts\/148351\/revisions"}],"predecessor-version":[{"id":148352,"href":"http:\/\/paulorobertodaradio.com.br\/site\/index.php?rest_route=\/wp\/v2\/posts\/148351\/revisions\/148352"}],"wp:attachment":[{"href":"http:\/\/paulorobertodaradio.com.br\/site\/index.php?rest_route=%2Fwp%2Fv2%2Fmedia&parent=148351"}],"wp:term":[{"taxonomy":"category","embeddable":true,"href":"http:\/\/paulorobertodaradio.com.br\/site\/index.php?rest_route=%2Fwp%2Fv2%2Fcategories&post=148351"},{"taxonomy":"post_tag","embeddable":true,"href":"http:\/\/paulorobertodaradio.com.br\/site\/index.php?rest_route=%2Fwp%2Fv2%2Ftags&post=148351"}],"curies":[{"name":"wp","href":"https:\/\/api.w.org\/{rel}","templated":true}]}}