{"id":148353,"date":"2026-05-02T07:55:43","date_gmt":"2026-05-02T10:55:43","guid":{"rendered":"https:\/\/paulorobertodaradio.com.br\/site\/?p=148353"},"modified":"2026-05-02T07:55:43","modified_gmt":"2026-05-02T10:55:43","slug":"faleceu-aparecida-rosa-clemente-de-bom-jesus-da-cachoeira","status":"publish","type":"post","link":"http:\/\/paulorobertodaradio.com.br\/site\/?p=148353","title":{"rendered":"FALECEU APARECIDA ROSA CLEMENTE, DE BOM JESUS DA CACHOEIRA"},"content":{"rendered":"<p>Jos\u00e9 Batista e familiares comprem o doloroso dever de comunicar o falecimento de Aparecida Rosa Clemente e convidam parentes e amigos para o sepultamento.<\/p>\n<p>O corpo j\u00e1 est\u00e1 sendo velado na resid\u00eancia, em Bom Jesus da Cachoeira, na\u00a0 rua Jos\u00e9 Pinto da Rocha 266.<\/p>\n<p>O sepultamento ocorrer\u00e1 \u00e0s 14:00 horas,\u00a0 no cemit\u00e9rio de Bom Jesus da Cachoeira.<\/p>\n<p>Noticiamos com pesar o falecimento de Aparecida Rosa Clemente , mais conhecida como Cidinha.<\/p>\n<p>Informou o plano familiar Pax Jos\u00e9 Schittini.<\/p>\n","protected":false},"excerpt":{"rendered":"<p>Jos\u00e9 Batista e familiares comprem o doloroso dever de comunicar o falecimento de Aparecida Rosa Clemente e convidam parentes e amigos para o sepultamento. O corpo j\u00e1 est\u00e1 sendo velado na resid\u00eancia, em Bom Jesus da Cachoeira, na\u00a0 rua Jos\u00e9 Pinto da Rocha 266. O sepultamento ocorrer\u00e1 \u00e0s 14:00 horas,\u00a0 no cemit\u00e9rio de Bom Jesus [&hellip;]<\/p>\n","protected":false},"author":2,"featured_media":0,"comment_status":"open","ping_status":"closed","sticky":false,"template":"","format":"standard","meta":{"footnotes":""},"categories":[1],"tags":[],"class_list":["post-148353","post","type-post","status-publish","format-standard","hentry","category-sem-categoria"],"_links":{"self":[{"href":"http:\/\/paulorobertodaradio.com.br\/site\/index.php?rest_route=\/wp\/v2\/posts\/148353","targetHints":{"allow":["GET"]}}],"collection":[{"href":"http:\/\/paulorobertodaradio.com.br\/site\/index.php?rest_route=\/wp\/v2\/posts"}],"about":[{"href":"http:\/\/paulorobertodaradio.com.br\/site\/index.php?rest_route=\/wp\/v2\/types\/post"}],"author":[{"embeddable":true,"href":"http:\/\/paulorobertodaradio.com.br\/site\/index.php?rest_route=\/wp\/v2\/users\/2"}],"replies":[{"embeddable":true,"href":"http:\/\/paulorobertodaradio.com.br\/site\/index.php?rest_route=%2Fwp%2Fv2%2Fcomments&post=148353"}],"version-history":[{"count":1,"href":"http:\/\/paulorobertodaradio.com.br\/site\/index.php?rest_route=\/wp\/v2\/posts\/148353\/revisions"}],"predecessor-version":[{"id":148354,"href":"http:\/\/paulorobertodaradio.com.br\/site\/index.php?rest_route=\/wp\/v2\/posts\/148353\/revisions\/148354"}],"wp:attachment":[{"href":"http:\/\/paulorobertodaradio.com.br\/site\/index.php?rest_route=%2Fwp%2Fv2%2Fmedia&parent=148353"}],"wp:term":[{"taxonomy":"category","embeddable":true,"href":"http:\/\/paulorobertodaradio.com.br\/site\/index.php?rest_route=%2Fwp%2Fv2%2Fcategories&post=148353"},{"taxonomy":"post_tag","embeddable":true,"href":"http:\/\/paulorobertodaradio.com.br\/site\/index.php?rest_route=%2Fwp%2Fv2%2Ftags&post=148353"}],"curies":[{"name":"wp","href":"https:\/\/api.w.org\/{rel}","templated":true}]}}