{"id":150080,"date":"2026-08-29T10:05:18","date_gmt":"2026-08-29T13:05:18","guid":{"rendered":"https:\/\/paulorobertodaradio.com.br\/site\/?p=150080"},"modified":"2026-08-29T10:07:55","modified_gmt":"2026-08-29T13:07:55","slug":"acidente-entre-carro-e-carreta-na-curva-do-deus-me-livre-br-116-em-divino","status":"publish","type":"post","link":"http:\/\/paulorobertodaradio.com.br\/site\/?p=150080","title":{"rendered":"ACIDENTE ENTRE CARRO E CARRETA NA CURVA DO DEUS ME LIVRE, BR 116, EM DIVINO"},"content":{"rendered":"<p><a href=\"http:\/\/paulorobertodaradio.com.br\/site\/wp-content\/uploads\/2026\/08\/FB_IMG_1788007982045.jpg\"><img loading=\"lazy\" decoding=\"async\" class=\"alignnone size-full wp-image-150081\" src=\"http:\/\/paulorobertodaradio.com.br\/site\/wp-content\/uploads\/2026\/08\/FB_IMG_1788007982045.jpg\" alt=\"\" width=\"1920\" height=\"1440\" srcset=\"http:\/\/paulorobertodaradio.com.br\/site\/wp-content\/uploads\/2026\/08\/FB_IMG_1788007982045.jpg 1920w, http:\/\/paulorobertodaradio.com.br\/site\/wp-content\/uploads\/2026\/08\/FB_IMG_1788007982045-300x225.jpg 300w, http:\/\/paulorobertodaradio.com.br\/site\/wp-content\/uploads\/2026\/08\/FB_IMG_1788007982045-1024x768.jpg 1024w, http:\/\/paulorobertodaradio.com.br\/site\/wp-content\/uploads\/2026\/08\/FB_IMG_1788007982045-768x576.jpg 768w, http:\/\/paulorobertodaradio.com.br\/site\/wp-content\/uploads\/2026\/08\/FB_IMG_1788007982045-1536x1152.jpg 1536w\" sizes=\"auto, (max-width: 1920px) 100vw, 1920px\" \/><\/a> <a href=\"http:\/\/paulorobertodaradio.com.br\/site\/wp-content\/uploads\/2026\/08\/FB_IMG_1788007964620.jpg\"><img loading=\"lazy\" decoding=\"async\" class=\"alignnone size-full wp-image-150082\" src=\"http:\/\/paulorobertodaradio.com.br\/site\/wp-content\/uploads\/2026\/08\/FB_IMG_1788007964620.jpg\" alt=\"\" width=\"1920\" height=\"1440\" srcset=\"http:\/\/paulorobertodaradio.com.br\/site\/wp-content\/uploads\/2026\/08\/FB_IMG_1788007964620.jpg 1920w, http:\/\/paulorobertodaradio.com.br\/site\/wp-content\/uploads\/2026\/08\/FB_IMG_1788007964620-300x225.jpg 300w, http:\/\/paulorobertodaradio.com.br\/site\/wp-content\/uploads\/2026\/08\/FB_IMG_1788007964620-1024x768.jpg 1024w, http:\/\/paulorobertodaradio.com.br\/site\/wp-content\/uploads\/2026\/08\/FB_IMG_1788007964620-768x576.jpg 768w, http:\/\/paulorobertodaradio.com.br\/site\/wp-content\/uploads\/2026\/08\/FB_IMG_1788007964620-1536x1152.jpg 1536w\" sizes=\"auto, (max-width: 1920px) 100vw, 1920px\" \/><\/a> <a href=\"http:\/\/paulorobertodaradio.com.br\/site\/wp-content\/uploads\/2026\/08\/FB_IMG_1788007960026.jpg\"><img loading=\"lazy\" decoding=\"async\" class=\"alignnone size-full wp-image-150083\" src=\"http:\/\/paulorobertodaradio.com.br\/site\/wp-content\/uploads\/2026\/08\/FB_IMG_1788007960026.jpg\" alt=\"\" width=\"1920\" height=\"1440\" srcset=\"http:\/\/paulorobertodaradio.com.br\/site\/wp-content\/uploads\/2026\/08\/FB_IMG_1788007960026.jpg 1920w, http:\/\/paulorobertodaradio.com.br\/site\/wp-content\/uploads\/2026\/08\/FB_IMG_1788007960026-300x225.jpg 300w, http:\/\/paulorobertodaradio.com.br\/site\/wp-content\/uploads\/2026\/08\/FB_IMG_1788007960026-1024x768.jpg 1024w, http:\/\/paulorobertodaradio.com.br\/site\/wp-content\/uploads\/2026\/08\/FB_IMG_1788007960026-768x576.jpg 768w, http:\/\/paulorobertodaradio.com.br\/site\/wp-content\/uploads\/2026\/08\/FB_IMG_1788007960026-1536x1152.jpg 1536w\" sizes=\"auto, (max-width: 1920px) 100vw, 1920px\" \/><\/a><\/p>\n<p>Um autom\u00f3vel colidiu contra uma carreta, na BR 116, entre Fervedouro e Divino, mais precisamente na curva do Deus me livre, por volta das 06:20 da manh\u00e3, deste s\u00e1bado.<\/p>\n<p>Segundo informa\u00e7\u00f5es colhidas pela nossa reportagem, o carreteiro tentou frear, pra evitar a colis\u00e3o, chegou a jogar para a contra m\u00e3o, mas n\u00e3o conseguiu evitar a colis\u00e3o.<\/p>\n<p>Os feridos foram socorridos e levados em duas ambul\u00e2ncias da eco rodovias e levados para o Hospital Casa de Caridade, em Carangola. N\u00e3o sabemos a real situa\u00e7\u00e3o do estado de sa\u00fade das v\u00edtimas, mas que s\u00e3o moradores da regi\u00e3o.<\/p>\n<p><a href=\"http:\/\/paulorobertodaradio.com.br\/site\/wp-content\/uploads\/2026\/08\/FB_IMG_1788006993762.jpg\"><img loading=\"lazy\" decoding=\"async\" class=\"alignnone size-full wp-image-150084\" src=\"http:\/\/paulorobertodaradio.com.br\/site\/wp-content\/uploads\/2026\/08\/FB_IMG_1788006993762.jpg\" alt=\"\" width=\"1920\" height=\"1440\" srcset=\"http:\/\/paulorobertodaradio.com.br\/site\/wp-content\/uploads\/2026\/08\/FB_IMG_1788006993762.jpg 1920w, http:\/\/paulorobertodaradio.com.br\/site\/wp-content\/uploads\/2026\/08\/FB_IMG_1788006993762-300x225.jpg 300w, http:\/\/paulorobertodaradio.com.br\/site\/wp-content\/uploads\/2026\/08\/FB_IMG_1788006993762-1024x768.jpg 1024w, http:\/\/paulorobertodaradio.com.br\/site\/wp-content\/uploads\/2026\/08\/FB_IMG_1788006993762-768x576.jpg 768w, http:\/\/paulorobertodaradio.com.br\/site\/wp-content\/uploads\/2026\/08\/FB_IMG_1788006993762-1536x1152.jpg 1536w\" sizes=\"auto, (max-width: 1920px) 100vw, 1920px\" \/><\/a><\/p>\n","protected":false},"excerpt":{"rendered":"<p>Um autom\u00f3vel colidiu contra uma carreta, na BR 116, entre Fervedouro e Divino, mais precisamente na curva do Deus me livre, por volta das 06:20 da manh\u00e3, deste s\u00e1bado. Segundo informa\u00e7\u00f5es colhidas pela nossa reportagem, o carreteiro tentou frear, pra evitar a colis\u00e3o, chegou a jogar para a contra m\u00e3o, mas n\u00e3o conseguiu evitar a [&hellip;]<\/p>\n","protected":false},"author":2,"featured_media":150085,"comment_status":"open","ping_status":"closed","sticky":false,"template":"","format":"standard","meta":{"footnotes":""},"categories":[1],"tags":[],"class_list":["post-150080","post","type-post","status-publish","format-standard","has-post-thumbnail","hentry","category-sem-categoria"],"_links":{"self":[{"href":"http:\/\/paulorobertodaradio.com.br\/site\/index.php?rest_route=\/wp\/v2\/posts\/150080","targetHints":{"allow":["GET"]}}],"collection":[{"href":"http:\/\/paulorobertodaradio.com.br\/site\/index.php?rest_route=\/wp\/v2\/posts"}],"about":[{"href":"http:\/\/paulorobertodaradio.com.br\/site\/index.php?rest_route=\/wp\/v2\/types\/post"}],"author":[{"embeddable":true,"href":"http:\/\/paulorobertodaradio.com.br\/site\/index.php?rest_route=\/wp\/v2\/users\/2"}],"replies":[{"embeddable":true,"href":"http:\/\/paulorobertodaradio.com.br\/site\/index.php?rest_route=%2Fwp%2Fv2%2Fcomments&post=150080"}],"version-history":[{"count":1,"href":"http:\/\/paulorobertodaradio.com.br\/site\/index.php?rest_route=\/wp\/v2\/posts\/150080\/revisions"}],"predecessor-version":[{"id":150086,"href":"http:\/\/paulorobertodaradio.com.br\/site\/index.php?rest_route=\/wp\/v2\/posts\/150080\/revisions\/150086"}],"wp:featuredmedia":[{"embeddable":true,"href":"http:\/\/paulorobertodaradio.com.br\/site\/index.php?rest_route=\/wp\/v2\/media\/150085"}],"wp:attachment":[{"href":"http:\/\/paulorobertodaradio.com.br\/site\/index.php?rest_route=%2Fwp%2Fv2%2Fmedia&parent=150080"}],"wp:term":[{"taxonomy":"category","embeddable":true,"href":"http:\/\/paulorobertodaradio.com.br\/site\/index.php?rest_route=%2Fwp%2Fv2%2Fcategories&post=150080"},{"taxonomy":"post_tag","embeddable":true,"href":"http:\/\/paulorobertodaradio.com.br\/site\/index.php?rest_route=%2Fwp%2Fv2%2Ftags&post=150080"}],"curies":[{"name":"wp","href":"https:\/\/api.w.org\/{rel}","templated":true}]}}