{"id":150113,"date":"2026-08-31T11:23:53","date_gmt":"2026-08-31T14:23:53","guid":{"rendered":"https:\/\/paulorobertodaradio.com.br\/site\/?p=150113"},"modified":"2026-08-31T11:23:53","modified_gmt":"2026-08-31T14:23:53","slug":"faleceu-silvia-braz-de-oliveira-de-fervedouro","status":"publish","type":"post","link":"http:\/\/paulorobertodaradio.com.br\/site\/?p=150113","title":{"rendered":"FALECEU SILVIA BRAZ DE OLIVEIRA, DE FERVEDOURO"},"content":{"rendered":"<p>Os familiares da dona Silvia Br\u00e1s de Oliveira,\u00a0 cumprem o doloroso dever de comunicar o seu falecimento e convidam parentes e amigos para o sepultamento.<\/p>\n<p>O corpo est\u00e1 sendo velado em sua resid\u00eancia, na entrada de Ribeir\u00e3o do Jorge, pr\u00f3xima da BR-116. O sepultamento ocorrer\u00e1 nesta segunda \u00e0s duas da tarde no cemit\u00e9rio de Fervedouro.<\/p>\n<p>Comunicamos com pesar o falecimento de Silvia Br\u00e1s de Oliveira. Esta \u00e9 mais uma presta\u00e7\u00e3o de servi\u00e7os da sua r\u00e1dio Brigadeiro FM.<\/p>\n<p><a href=\"http:\/\/paulorobertodaradio.com.br\/site\/wp-content\/uploads\/2026\/08\/FB_IMG_1788186066398.jpg\"><img loading=\"lazy\" decoding=\"async\" class=\"alignnone size-full wp-image-150114\" src=\"http:\/\/paulorobertodaradio.com.br\/site\/wp-content\/uploads\/2026\/08\/FB_IMG_1788186066398.jpg\" alt=\"\" width=\"2048\" height=\"1152\" srcset=\"http:\/\/paulorobertodaradio.com.br\/site\/wp-content\/uploads\/2026\/08\/FB_IMG_1788186066398.jpg 2048w, http:\/\/paulorobertodaradio.com.br\/site\/wp-content\/uploads\/2026\/08\/FB_IMG_1788186066398-300x169.jpg 300w, http:\/\/paulorobertodaradio.com.br\/site\/wp-content\/uploads\/2026\/08\/FB_IMG_1788186066398-1024x576.jpg 1024w, http:\/\/paulorobertodaradio.com.br\/site\/wp-content\/uploads\/2026\/08\/FB_IMG_1788186066398-768x432.jpg 768w, http:\/\/paulorobertodaradio.com.br\/site\/wp-content\/uploads\/2026\/08\/FB_IMG_1788186066398-1536x864.jpg 1536w\" sizes=\"auto, (max-width: 2048px) 100vw, 2048px\" \/><\/a><\/p>\n<p>&nbsp;<\/p>\n","protected":false},"excerpt":{"rendered":"<p>Os familiares da dona Silvia Br\u00e1s de Oliveira,\u00a0 cumprem o doloroso dever de comunicar o seu falecimento e convidam parentes e amigos para o sepultamento. O corpo est\u00e1 sendo velado em sua resid\u00eancia, na entrada de Ribeir\u00e3o do Jorge, pr\u00f3xima da BR-116. O sepultamento ocorrer\u00e1 nesta segunda \u00e0s duas da tarde no cemit\u00e9rio de Fervedouro. [&hellip;]<\/p>\n","protected":false},"author":2,"featured_media":150114,"comment_status":"open","ping_status":"closed","sticky":false,"template":"","format":"standard","meta":{"footnotes":""},"categories":[1],"tags":[],"class_list":["post-150113","post","type-post","status-publish","format-standard","has-post-thumbnail","hentry","category-sem-categoria"],"_links":{"self":[{"href":"http:\/\/paulorobertodaradio.com.br\/site\/index.php?rest_route=\/wp\/v2\/posts\/150113","targetHints":{"allow":["GET"]}}],"collection":[{"href":"http:\/\/paulorobertodaradio.com.br\/site\/index.php?rest_route=\/wp\/v2\/posts"}],"about":[{"href":"http:\/\/paulorobertodaradio.com.br\/site\/index.php?rest_route=\/wp\/v2\/types\/post"}],"author":[{"embeddable":true,"href":"http:\/\/paulorobertodaradio.com.br\/site\/index.php?rest_route=\/wp\/v2\/users\/2"}],"replies":[{"embeddable":true,"href":"http:\/\/paulorobertodaradio.com.br\/site\/index.php?rest_route=%2Fwp%2Fv2%2Fcomments&post=150113"}],"version-history":[{"count":1,"href":"http:\/\/paulorobertodaradio.com.br\/site\/index.php?rest_route=\/wp\/v2\/posts\/150113\/revisions"}],"predecessor-version":[{"id":150115,"href":"http:\/\/paulorobertodaradio.com.br\/site\/index.php?rest_route=\/wp\/v2\/posts\/150113\/revisions\/150115"}],"wp:featuredmedia":[{"embeddable":true,"href":"http:\/\/paulorobertodaradio.com.br\/site\/index.php?rest_route=\/wp\/v2\/media\/150114"}],"wp:attachment":[{"href":"http:\/\/paulorobertodaradio.com.br\/site\/index.php?rest_route=%2Fwp%2Fv2%2Fmedia&parent=150113"}],"wp:term":[{"taxonomy":"category","embeddable":true,"href":"http:\/\/paulorobertodaradio.com.br\/site\/index.php?rest_route=%2Fwp%2Fv2%2Fcategories&post=150113"},{"taxonomy":"post_tag","embeddable":true,"href":"http:\/\/paulorobertodaradio.com.br\/site\/index.php?rest_route=%2Fwp%2Fv2%2Ftags&post=150113"}],"curies":[{"name":"wp","href":"https:\/\/api.w.org\/{rel}","templated":true}]}}