{"id":150123,"date":"2026-09-02T18:51:33","date_gmt":"2026-09-02T21:51:33","guid":{"rendered":"https:\/\/paulorobertodaradio.com.br\/site\/?p=150123"},"modified":"2026-09-02T18:51:33","modified_gmt":"2026-09-02T21:51:33","slug":"desligamento-programado-da-cemig-em-espera-feliz-em-03-09-26","status":"publish","type":"post","link":"http:\/\/paulorobertodaradio.com.br\/site\/?p=150123","title":{"rendered":"DESLIGAMENTO PROGRAMADO DA CEMIG EM ESPERA FELIZ EM 03\/09\/26"},"content":{"rendered":"<p><strong>Desligamento programado: saiba onde a Cemig vai realizar manuten\u00e7\u00e3o na rede el\u00e9trica em Espera Feliz<\/strong><\/p>\n<p>A Cemig informa que est\u00e1 programado desligamento para realiza\u00e7\u00e3o de manuten\u00e7\u00e3o no sistema el\u00e9trico do centro de Espera Feliz. Para que estes servi\u00e7os possam ser executados com seguran\u00e7a, ser\u00e1 necess\u00e1rio interromper o fornecimento de energia, na quinta-feira (3\/9), das 13h \u00e0s 16h, nos seguintes endere\u00e7os:<\/p>\n<p>RUA ANTONIO VIEIRA BASTOS, entre n\u00fameros 71 e 167, Centro<\/p>\n<p>RUA ALVARO SA BARBOSA, entre n\u00fameros 23 e 810, Centro<\/p>\n<p>RUA QUIM DA ODILIA, n\u00fameros 10, 79, 399, 401, 402, Centro<\/p>\n<p>RUA DOM SILVERIO, n\u00famero 455, Centro<\/p>\n<p>RUA DR ALEXANDRE ROTH, n\u00famero 70, Centro<\/p>\n<p>RUA PEDRO LOPES DE OLIVEIRA, n\u00fameros 102 e 120, Centro<\/p>\n<p>RUA BR 482, n\u00fameros 12, 845, 859, 867 e 2115, Centro<\/p>\n<p>RUA ALEXANDRE ROTH, entre n\u00fameros 89 e 99, Centro<\/p>\n<p>RUA GUMERCINO A MARTINS, entre n\u00fameros 45 e 58, Centro<\/p>\n<p>RUA PIO XII, n\u00famero 461, Centro<\/p>\n<p>RUA DOM CARLOTO, n\u00famero 400, Centro<a href=\"http:\/\/paulorobertodaradio.com.br\/site\/wp-content\/uploads\/2025\/12\/CEMIG-MANUTEN\u00c7\u00c3O.jpg\"><img loading=\"lazy\" decoding=\"async\" class=\"alignnone size-full wp-image-146020\" src=\"http:\/\/paulorobertodaradio.com.br\/site\/wp-content\/uploads\/2025\/12\/CEMIG-MANUTEN\u00c7\u00c3O.jpg\" alt=\"\" width=\"533\" height=\"800\" srcset=\"http:\/\/paulorobertodaradio.com.br\/site\/wp-content\/uploads\/2025\/12\/CEMIG-MANUTEN\u00c7\u00c3O.jpg 533w, http:\/\/paulorobertodaradio.com.br\/site\/wp-content\/uploads\/2025\/12\/CEMIG-MANUTEN\u00c7\u00c3O-200x300.jpg 200w\" sizes=\"auto, (max-width: 533px) 100vw, 533px\" \/><\/a><\/p>\n<p>Para que os clientes residenciais da Cemig tenham conhecimento sobre as manuten\u00e7\u00f5es e para que as empresas que prestam servi\u00e7os essenciais \u00e0 popula\u00e7\u00e3o, como abastecimento de \u00e1gua, hospitais, com\u00e9rcios e ind\u00fastrias possam planejar suas atividades, a companhia envia esse comunicado a todos os clientes cadastrados na regi\u00e3o com 15 dias de anteced\u00eancia do servi\u00e7o de desligamento programado. Aqueles que n\u00e3o possuem cadastro, podem se inscreverem nos canais de atendimento da empresa.<\/p>\n<p>Durante o per\u00edodo da interrup\u00e7\u00e3o, caso precise realizar manuten\u00e7\u00e3o na instala\u00e7\u00e3o el\u00e9trica interna da resid\u00eancia, o cliente dever\u00e1 desligar antes a chave geral (disjuntor) para sua seguran\u00e7a, pois se os servi\u00e7os programados se encerrarem antes do prazo informado, o retorno da energia el\u00e9trica poder\u00e1 ser antecipado. Caso ocorra algum fato que impe\u00e7a a realiza\u00e7\u00e3o dos servi\u00e7os, essa interrup\u00e7\u00e3o poder\u00e1 ser cancelada sem pr\u00e9vio aviso.<\/p>\n<p>A Cemig disponibiliza aos seus clientes a op\u00e7\u00e3o de receber avisos de desligamento no sistema el\u00e9trico por SMS ou e-mail. Basta atualizar os seus dados no Cemig Atende Web: <span style=\"color: #0000ff;\"><strong><a style=\"color: #0000ff;\" href=\"http:\/\/www.cemig.com.br.\">http:\/\/www.cemig.com.br.<\/a><\/strong><\/span><\/p>\n","protected":false},"excerpt":{"rendered":"<p>Desligamento programado: saiba onde a Cemig vai realizar manuten\u00e7\u00e3o na rede el\u00e9trica em Espera Feliz A Cemig informa que est\u00e1 programado desligamento para realiza\u00e7\u00e3o de manuten\u00e7\u00e3o no sistema el\u00e9trico do centro de Espera Feliz. Para que estes servi\u00e7os possam ser executados com seguran\u00e7a, ser\u00e1 necess\u00e1rio interromper o fornecimento de energia, na quinta-feira (3\/9), das 13h [&hellip;]<\/p>\n","protected":false},"author":2,"featured_media":146020,"comment_status":"open","ping_status":"closed","sticky":false,"template":"","format":"standard","meta":{"footnotes":""},"categories":[1],"tags":[],"class_list":["post-150123","post","type-post","status-publish","format-standard","has-post-thumbnail","hentry","category-sem-categoria"],"_links":{"self":[{"href":"http:\/\/paulorobertodaradio.com.br\/site\/index.php?rest_route=\/wp\/v2\/posts\/150123","targetHints":{"allow":["GET"]}}],"collection":[{"href":"http:\/\/paulorobertodaradio.com.br\/site\/index.php?rest_route=\/wp\/v2\/posts"}],"about":[{"href":"http:\/\/paulorobertodaradio.com.br\/site\/index.php?rest_route=\/wp\/v2\/types\/post"}],"author":[{"embeddable":true,"href":"http:\/\/paulorobertodaradio.com.br\/site\/index.php?rest_route=\/wp\/v2\/users\/2"}],"replies":[{"embeddable":true,"href":"http:\/\/paulorobertodaradio.com.br\/site\/index.php?rest_route=%2Fwp%2Fv2%2Fcomments&post=150123"}],"version-history":[{"count":1,"href":"http:\/\/paulorobertodaradio.com.br\/site\/index.php?rest_route=\/wp\/v2\/posts\/150123\/revisions"}],"predecessor-version":[{"id":150124,"href":"http:\/\/paulorobertodaradio.com.br\/site\/index.php?rest_route=\/wp\/v2\/posts\/150123\/revisions\/150124"}],"wp:featuredmedia":[{"embeddable":true,"href":"http:\/\/paulorobertodaradio.com.br\/site\/index.php?rest_route=\/wp\/v2\/media\/146020"}],"wp:attachment":[{"href":"http:\/\/paulorobertodaradio.com.br\/site\/index.php?rest_route=%2Fwp%2Fv2%2Fmedia&parent=150123"}],"wp:term":[{"taxonomy":"category","embeddable":true,"href":"http:\/\/paulorobertodaradio.com.br\/site\/index.php?rest_route=%2Fwp%2Fv2%2Fcategories&post=150123"},{"taxonomy":"post_tag","embeddable":true,"href":"http:\/\/paulorobertodaradio.com.br\/site\/index.php?rest_route=%2Fwp%2Fv2%2Ftags&post=150123"}],"curies":[{"name":"wp","href":"https:\/\/api.w.org\/{rel}","templated":true}]}}