{"id":150125,"date":"2026-09-04T16:05:11","date_gmt":"2026-09-04T19:05:11","guid":{"rendered":"https:\/\/paulorobertodaradio.com.br\/site\/?p=150125"},"modified":"2026-09-04T16:05:11","modified_gmt":"2026-09-04T19:05:11","slug":"vereador-de-cataguases-perera-manadato-depois-de-julgamento-na-justica","status":"publish","type":"post","link":"http:\/\/paulorobertodaradio.com.br\/site\/?p=150125","title":{"rendered":"VEREADOR DE CATAGUASES PERER\u00c1 MANADATO DEPOIS DE JULGAMENTO NA JUSTI\u00c7A"},"content":{"rendered":"<p>O Minist\u00e9rio P\u00fablico de Minas Gerais (MPMG) comunicou \u00e0 C\u00e2mara Municipal de Cataguases, na \u00faltima ter\u00e7a-feira, 1\u00ba de setembro, acerca da condena\u00e7\u00e3o definitiva e da suspens\u00e3o dos direitos pol\u00edticos de vereador condenado por tr\u00e1fico de drogas.<\/p>\n<p>A decis\u00e3o condenat\u00f3ria referente a a\u00e7\u00e3o penal que apurou a pr\u00e1tica do crime de tr\u00e1fico de drogas, previsto no artigo 33 da Lei n\u00ba 11.343\/2006, transitou em julgado em 25 de agosto. O caso teve origem em fatos ocorridos em 2012, no munic\u00edpio de Cataguases, na Zona da Mata.<\/p>\n<p>A condena\u00e7\u00e3o tornou-se definitiva ap\u00f3s o encerramento de todos os recursos apresentados pela defesa perante os tribunais superiores. Conforme certid\u00e3o expedida pelo Supremo Tribunal Federal (STF), a Segunda Turma da Corte rejeitou os \u00faltimos embargos de declara\u00e7\u00e3o e determinou a certifica\u00e7\u00e3o do tr\u00e2nsito em julgado e a baixa definitiva dos autos.<\/p>\n<p>A a\u00e7\u00e3o penal foi proposta pelo MPMG ap\u00f3s investiga\u00e7\u00e3o que apontou a guarda e a comercializa\u00e7\u00e3o irregular de medicamentos sujeitos a controle especial, conduta enquadrada como tr\u00e1fico de drogas pela legisla\u00e7\u00e3o brasileira.<\/p>\n<p>Com o tr\u00e2nsito em julgado da condena\u00e7\u00e3o, incide o disposto no artigo 15, inciso III, da Constitui\u00e7\u00e3o Federal, que prev\u00ea a suspens\u00e3o dos direitos pol\u00edticos em raz\u00e3o de condena\u00e7\u00e3o criminal definitiva enquanto durarem seus efeitos. Em decis\u00e3o proferida pela Vara Criminal da Comarca de Cataguases, foi determinada a comunica\u00e7\u00e3o da condena\u00e7\u00e3o \u00e0 Justi\u00e7a Eleitoral e \u00e0 C\u00e2mara Municipal para ado\u00e7\u00e3o das provid\u00eancias cab\u00edveis.<\/p>\n<p>A Procuradoria-Geral de Justi\u00e7a e o Poder Judici\u00e1rio local promoveram ent\u00e3o a comunica\u00e7\u00e3o formal \u00e0 C\u00e2mara Municipal de Cataguases acerca da suspens\u00e3o dos direitos pol\u00edticos do parlamentar. A medida constitui requisito para a declara\u00e7\u00e3o da perda do mandato eletivo e a ado\u00e7\u00e3o das provid\u00eancias administrativas pertinentes pelo Poder Legislativo municipal.<\/p>\n<p>Segundo entendimento consolidado do Supremo Tribunal Federal e da jurisprud\u00eancia nacional, a suspens\u00e3o dos direitos pol\u00edticos decorrente de condena\u00e7\u00e3o criminal transitada em julgado produz efeitos imediatos e alcan\u00e7a o exerc\u00edcio de mandatos eletivos, por constituir condi\u00e7\u00e3o indispens\u00e1vel para a perman\u00eancia no cargo p\u00fablico eletivo.<\/p>\n<p>A a\u00e7\u00e3o penal teve origem em pris\u00e3o em flagrante realizada em mar\u00e7o de 2012, em Cataguases. Ap\u00f3s a instru\u00e7\u00e3o processual, a Justi\u00e7a condenou o vereador e mais uma pessoa pelo crime de tr\u00e1fico de drogas, decorrente do armazenamento e comercializa\u00e7\u00e3o sem autoriza\u00e7\u00e3o de medicamentos sujeitos a controle especial. A condena\u00e7\u00e3o foi confirmada pelo Tribunal de Justi\u00e7a de Minas Gerais e posteriormente analisada pelo Superior Tribunal de Justi\u00e7a e pelo Supremo Tribunal Federal, at\u00e9 o tr\u00e2nsito em julgado da decis\u00e3o em agosto de 2026.<\/p>\n","protected":false},"excerpt":{"rendered":"<p>O Minist\u00e9rio P\u00fablico de Minas Gerais (MPMG) comunicou \u00e0 C\u00e2mara Municipal de Cataguases, na \u00faltima ter\u00e7a-feira, 1\u00ba de setembro, acerca da condena\u00e7\u00e3o definitiva e da suspens\u00e3o dos direitos pol\u00edticos de vereador condenado por tr\u00e1fico de drogas. A decis\u00e3o condenat\u00f3ria referente a a\u00e7\u00e3o penal que apurou a pr\u00e1tica do crime de tr\u00e1fico de drogas, previsto no [&hellip;]<\/p>\n","protected":false},"author":2,"featured_media":82405,"comment_status":"open","ping_status":"closed","sticky":false,"template":"","format":"standard","meta":{"footnotes":""},"categories":[1],"tags":[],"class_list":["post-150125","post","type-post","status-publish","format-standard","has-post-thumbnail","hentry","category-sem-categoria"],"_links":{"self":[{"href":"http:\/\/paulorobertodaradio.com.br\/site\/index.php?rest_route=\/wp\/v2\/posts\/150125","targetHints":{"allow":["GET"]}}],"collection":[{"href":"http:\/\/paulorobertodaradio.com.br\/site\/index.php?rest_route=\/wp\/v2\/posts"}],"about":[{"href":"http:\/\/paulorobertodaradio.com.br\/site\/index.php?rest_route=\/wp\/v2\/types\/post"}],"author":[{"embeddable":true,"href":"http:\/\/paulorobertodaradio.com.br\/site\/index.php?rest_route=\/wp\/v2\/users\/2"}],"replies":[{"embeddable":true,"href":"http:\/\/paulorobertodaradio.com.br\/site\/index.php?rest_route=%2Fwp%2Fv2%2Fcomments&post=150125"}],"version-history":[{"count":1,"href":"http:\/\/paulorobertodaradio.com.br\/site\/index.php?rest_route=\/wp\/v2\/posts\/150125\/revisions"}],"predecessor-version":[{"id":150126,"href":"http:\/\/paulorobertodaradio.com.br\/site\/index.php?rest_route=\/wp\/v2\/posts\/150125\/revisions\/150126"}],"wp:featuredmedia":[{"embeddable":true,"href":"http:\/\/paulorobertodaradio.com.br\/site\/index.php?rest_route=\/wp\/v2\/media\/82405"}],"wp:attachment":[{"href":"http:\/\/paulorobertodaradio.com.br\/site\/index.php?rest_route=%2Fwp%2Fv2%2Fmedia&parent=150125"}],"wp:term":[{"taxonomy":"category","embeddable":true,"href":"http:\/\/paulorobertodaradio.com.br\/site\/index.php?rest_route=%2Fwp%2Fv2%2Fcategories&post=150125"},{"taxonomy":"post_tag","embeddable":true,"href":"http:\/\/paulorobertodaradio.com.br\/site\/index.php?rest_route=%2Fwp%2Fv2%2Ftags&post=150125"}],"curies":[{"name":"wp","href":"https:\/\/api.w.org\/{rel}","templated":true}]}}