{"id":150127,"date":"2026-09-04T16:08:32","date_gmt":"2026-09-04T19:08:32","guid":{"rendered":"https:\/\/paulorobertodaradio.com.br\/site\/?p=150127"},"modified":"2026-09-04T16:09:15","modified_gmt":"2026-09-04T19:09:15","slug":"mpmg-obtem-condenacao-de-vereador-de-muriae-por-falsidade-ideologica-no-recebimento-de-diarias","status":"publish","type":"post","link":"http:\/\/paulorobertodaradio.com.br\/site\/?p=150127","title":{"rendered":"MPMG OBTEM CONDENA\u00c7\u00c3O DE VEREADOR DE MURIA\u00c9 POR FALSIDADE IDEOL\u00d3GICA NO RECEBIMENTO DE DI\u00c1RIAS"},"content":{"rendered":"<p>A pedido do Minist\u00e9rio P\u00fablico de Minas Gerais (MPMG), a Justi\u00e7a condenou um vereador de Muria\u00e9, na Zona da Mata, pelo crime de falsidade ideol\u00f3gica. Segundo apurado pelo MPMG, o agente p\u00fablico registrou informa\u00e7\u00f5es falsas em documentos da Prefeitura para receber di\u00e1rias de viagem como motorista do munic\u00edpio, ao mesmo tempo em que participava de sess\u00f5es da C\u00e2mara Municipal na condi\u00e7\u00e3o de vereador e presidente da Casa Legislativa.<\/p>\n<p>O vereador foi condenado por quatro crimes de falsidade ideol\u00f3gica. A pena foi fixada em tr\u00eas anos, 11 meses e 15 dias de reclus\u00e3o, em regime inicial aberto, al\u00e9m de multa. A pena privativa de liberdade foi substitu\u00edda por presta\u00e7\u00e3o de servi\u00e7os \u00e0 comunidade e presta\u00e7\u00e3o pecuni\u00e1ria, conforme previsto na legisla\u00e7\u00e3o.<\/p>\n<p>O caso foi apurado pela Promotoria de Justi\u00e7a do Patrim\u00f4nio P\u00fablico de Muria\u00e9. De acordo com a a\u00e7\u00e3o penal, entre mar\u00e7o e agosto de 2021, o r\u00e9u inseriu declara\u00e7\u00f5es falsas em documentos de controle para justificar o recebimento de di\u00e1rias. As investiga\u00e7\u00f5es demonstraram que, em quatro ocasi\u00f5es, ele informou estar realizando viagens a servi\u00e7o da Prefeitura nos mesmos hor\u00e1rios em que participava de sess\u00f5es do Legislativo municipal.<\/p>\n<p>A apura\u00e7\u00e3o conduzida pelo MPMG reuniu documentos encaminhados pela Prefeitura e pela C\u00e2mara Municipal de Muria\u00e9, al\u00e9m de depoimentos de testemunhas. Entre as provas analisadas est\u00e3o folhas de ponto, relat\u00f3rios de viagem e atas das sess\u00f5es legislativas, que indicaram coincid\u00eancia entre os hor\u00e1rios das supostas viagens e a presen\u00e7a do ent\u00e3o presidente da C\u00e2mara nas reuni\u00f5es parlamentares.<\/p>\n<p>Processo n\u00ba: 5006241-69.2024.8.13.0439<\/p>\n","protected":false},"excerpt":{"rendered":"<p>A pedido do Minist\u00e9rio P\u00fablico de Minas Gerais (MPMG), a Justi\u00e7a condenou um vereador de Muria\u00e9, na Zona da Mata, pelo crime de falsidade ideol\u00f3gica. Segundo apurado pelo MPMG, o agente p\u00fablico registrou informa\u00e7\u00f5es falsas em documentos da Prefeitura para receber di\u00e1rias de viagem como motorista do munic\u00edpio, ao mesmo tempo em que participava de [&hellip;]<\/p>\n","protected":false},"author":2,"featured_media":119063,"comment_status":"open","ping_status":"closed","sticky":false,"template":"","format":"standard","meta":{"footnotes":""},"categories":[1],"tags":[],"class_list":["post-150127","post","type-post","status-publish","format-standard","has-post-thumbnail","hentry","category-sem-categoria"],"_links":{"self":[{"href":"http:\/\/paulorobertodaradio.com.br\/site\/index.php?rest_route=\/wp\/v2\/posts\/150127","targetHints":{"allow":["GET"]}}],"collection":[{"href":"http:\/\/paulorobertodaradio.com.br\/site\/index.php?rest_route=\/wp\/v2\/posts"}],"about":[{"href":"http:\/\/paulorobertodaradio.com.br\/site\/index.php?rest_route=\/wp\/v2\/types\/post"}],"author":[{"embeddable":true,"href":"http:\/\/paulorobertodaradio.com.br\/site\/index.php?rest_route=\/wp\/v2\/users\/2"}],"replies":[{"embeddable":true,"href":"http:\/\/paulorobertodaradio.com.br\/site\/index.php?rest_route=%2Fwp%2Fv2%2Fcomments&post=150127"}],"version-history":[{"count":1,"href":"http:\/\/paulorobertodaradio.com.br\/site\/index.php?rest_route=\/wp\/v2\/posts\/150127\/revisions"}],"predecessor-version":[{"id":150128,"href":"http:\/\/paulorobertodaradio.com.br\/site\/index.php?rest_route=\/wp\/v2\/posts\/150127\/revisions\/150128"}],"wp:featuredmedia":[{"embeddable":true,"href":"http:\/\/paulorobertodaradio.com.br\/site\/index.php?rest_route=\/wp\/v2\/media\/119063"}],"wp:attachment":[{"href":"http:\/\/paulorobertodaradio.com.br\/site\/index.php?rest_route=%2Fwp%2Fv2%2Fmedia&parent=150127"}],"wp:term":[{"taxonomy":"category","embeddable":true,"href":"http:\/\/paulorobertodaradio.com.br\/site\/index.php?rest_route=%2Fwp%2Fv2%2Fcategories&post=150127"},{"taxonomy":"post_tag","embeddable":true,"href":"http:\/\/paulorobertodaradio.com.br\/site\/index.php?rest_route=%2Fwp%2Fv2%2Ftags&post=150127"}],"curies":[{"name":"wp","href":"https:\/\/api.w.org\/{rel}","templated":true}]}}