{"id":1752,"date":"2014-06-25T12:29:03","date_gmt":"2014-06-25T15:29:03","guid":{"rendered":"http:\/\/paulorobertodaradio.com.br\/site\/?p=1752"},"modified":"2014-06-25T12:30:18","modified_gmt":"2014-06-25T15:30:18","slug":"em-miradouro-novas-informacoes-mulher-continua-desaparecida","status":"publish","type":"post","link":"http:\/\/paulorobertodaradio.com.br\/site\/?p=1752","title":{"rendered":"EM MIRADOURO: BOA NOT\u00cdCIA: ELA EST\u00c1 DE VOLTA!!!!!!!!!!!!!!!!!"},"content":{"rendered":"<p><a href=\"http:\/\/paulorobertodaradio.com.br\/site\/wp-content\/uploads\/2014\/05\/eliane-desaparecida-01.jpg\"><img loading=\"lazy\" decoding=\"async\" class=\"aligncenter size-full wp-image-1557\" alt=\"eliane desaparecida 01\" src=\"http:\/\/paulorobertodaradio.com.br\/site\/wp-content\/uploads\/2014\/05\/eliane-desaparecida-01.jpg\" width=\"417\" height=\"556\" srcset=\"http:\/\/paulorobertodaradio.com.br\/site\/wp-content\/uploads\/2014\/05\/eliane-desaparecida-01.jpg 417w, http:\/\/paulorobertodaradio.com.br\/site\/wp-content\/uploads\/2014\/05\/eliane-desaparecida-01-225x300.jpg 225w\" sizes=\"auto, (max-width: 417px) 100vw, 417px\" \/><\/a>Ela estava \u00a0desaparecida desde o dia 13 de Maio a Senhora\u00a0Eliane da Costa Souza, de 36 anos, moradora do munic\u00edpio de Miradouro. Na manh\u00e3 de Hoje a irm\u00e3 dela Cidilandi disse pra nossa reportagem que ela estava na cidade, e que havia acabado de sair de sua casa.<\/p>\n<p>Segundo essa mesma \u00a0irm\u00e3, elas se encontraram pela \u00faltima vez no \u00a0domingo (12 de maio), dia das m\u00e3es. Eliane nos disse que veio do Estado do Rio, de Carona com um empres\u00e1rio de Muria\u00e9 .<\/p>\n<p>TODA FAM\u00cdLIA, PRINCIPALMENTE SEUS FILHOS E OS AMIGOS EST\u00c3O SUPER FELIZES COM A SUA VOLTA.<\/p>\n<p><a style=\"line-height: 1.714285714; font-size: 1rem;\" href=\"http:\/\/paulorobertodaradio.com.br\/site\/wp-content\/uploads\/2014\/05\/eliane-desaparecida-02.jpg\"><img loading=\"lazy\" decoding=\"async\" class=\"aligncenter size-full wp-image-1558\" alt=\"eliane desaparecida 02\" src=\"http:\/\/paulorobertodaradio.com.br\/site\/wp-content\/uploads\/2014\/05\/eliane-desaparecida-02.jpg\" width=\"720\" height=\"960\" srcset=\"http:\/\/paulorobertodaradio.com.br\/site\/wp-content\/uploads\/2014\/05\/eliane-desaparecida-02.jpg 720w, http:\/\/paulorobertodaradio.com.br\/site\/wp-content\/uploads\/2014\/05\/eliane-desaparecida-02-225x300.jpg 225w, http:\/\/paulorobertodaradio.com.br\/site\/wp-content\/uploads\/2014\/05\/eliane-desaparecida-02-624x832.jpg 624w\" sizes=\"auto, (max-width: 720px) 100vw, 720px\" \/><\/a><\/p>\n<p><a href=\"http:\/\/paulorobertodaradio.com.br\/site\/wp-content\/uploads\/2014\/05\/eliane-desaparecida-03.jpg\"><img loading=\"lazy\" decoding=\"async\" class=\"aligncenter size-full wp-image-1559\" alt=\"eliane desaparecida 03\" src=\"http:\/\/paulorobertodaradio.com.br\/site\/wp-content\/uploads\/2014\/05\/eliane-desaparecida-03.jpg\" width=\"720\" height=\"960\" srcset=\"http:\/\/paulorobertodaradio.com.br\/site\/wp-content\/uploads\/2014\/05\/eliane-desaparecida-03.jpg 720w, http:\/\/paulorobertodaradio.com.br\/site\/wp-content\/uploads\/2014\/05\/eliane-desaparecida-03-225x300.jpg 225w, http:\/\/paulorobertodaradio.com.br\/site\/wp-content\/uploads\/2014\/05\/eliane-desaparecida-03-624x832.jpg 624w\" sizes=\"auto, (max-width: 720px) 100vw, 720px\" \/><\/a><\/p>\n","protected":false},"excerpt":{"rendered":"<p>Ela estava \u00a0desaparecida desde o dia 13 de Maio a Senhora\u00a0Eliane da Costa Souza, de 36 anos, moradora do munic\u00edpio de Miradouro. Na manh\u00e3 de Hoje a irm\u00e3 dela Cidilandi disse pra nossa reportagem que ela estava na cidade, e que havia acabado de sair de sua casa. Segundo essa mesma \u00a0irm\u00e3, elas se encontraram [&hellip;]<\/p>\n","protected":false},"author":2,"featured_media":0,"comment_status":"open","ping_status":"open","sticky":false,"template":"","format":"standard","meta":{"footnotes":""},"categories":[1],"tags":[],"class_list":["post-1752","post","type-post","status-publish","format-standard","hentry","category-sem-categoria"],"_links":{"self":[{"href":"http:\/\/paulorobertodaradio.com.br\/site\/index.php?rest_route=\/wp\/v2\/posts\/1752","targetHints":{"allow":["GET"]}}],"collection":[{"href":"http:\/\/paulorobertodaradio.com.br\/site\/index.php?rest_route=\/wp\/v2\/posts"}],"about":[{"href":"http:\/\/paulorobertodaradio.com.br\/site\/index.php?rest_route=\/wp\/v2\/types\/post"}],"author":[{"embeddable":true,"href":"http:\/\/paulorobertodaradio.com.br\/site\/index.php?rest_route=\/wp\/v2\/users\/2"}],"replies":[{"embeddable":true,"href":"http:\/\/paulorobertodaradio.com.br\/site\/index.php?rest_route=%2Fwp%2Fv2%2Fcomments&post=1752"}],"version-history":[{"count":7,"href":"http:\/\/paulorobertodaradio.com.br\/site\/index.php?rest_route=\/wp\/v2\/posts\/1752\/revisions"}],"predecessor-version":[{"id":2507,"href":"http:\/\/paulorobertodaradio.com.br\/site\/index.php?rest_route=\/wp\/v2\/posts\/1752\/revisions\/2507"}],"wp:attachment":[{"href":"http:\/\/paulorobertodaradio.com.br\/site\/index.php?rest_route=%2Fwp%2Fv2%2Fmedia&parent=1752"}],"wp:term":[{"taxonomy":"category","embeddable":true,"href":"http:\/\/paulorobertodaradio.com.br\/site\/index.php?rest_route=%2Fwp%2Fv2%2Fcategories&post=1752"},{"taxonomy":"post_tag","embeddable":true,"href":"http:\/\/paulorobertodaradio.com.br\/site\/index.php?rest_route=%2Fwp%2Fv2%2Ftags&post=1752"}],"curies":[{"name":"wp","href":"https:\/\/api.w.org\/{rel}","templated":true}]}}