{"id":1965,"date":"2014-06-02T01:39:04","date_gmt":"2014-06-02T04:39:04","guid":{"rendered":"http:\/\/paulorobertodaradio.com.br\/site\/?p=1965"},"modified":"2014-06-02T01:39:04","modified_gmt":"2014-06-02T04:39:04","slug":"na-br-116-trabalhador-rural-morre-atropelado","status":"publish","type":"post","link":"http:\/\/paulorobertodaradio.com.br\/site\/?p=1965","title":{"rendered":"NA BR 116: TRABALHADOR RURAL MORRE ATROPELADO"},"content":{"rendered":"<p><span style=\"line-height: 1.714285714; font-size: 1rem;\"><a href=\"http:\/\/paulorobertodaradio.com.br\/site\/wp-content\/uploads\/2014\/06\/trabalhdor.jpg\"><img loading=\"lazy\" decoding=\"async\" class=\"aligncenter size-full wp-image-1966\" alt=\"trabalhdor\" src=\"http:\/\/paulorobertodaradio.com.br\/site\/wp-content\/uploads\/2014\/06\/trabalhdor.jpg\" width=\"620\" height=\"465\" srcset=\"http:\/\/paulorobertodaradio.com.br\/site\/wp-content\/uploads\/2014\/06\/trabalhdor.jpg 620w, http:\/\/paulorobertodaradio.com.br\/site\/wp-content\/uploads\/2014\/06\/trabalhdor-300x225.jpg 300w\" sizes=\"auto, (max-width: 620px) 100vw, 620px\" \/><\/a>Um trabalhador rural, de aproximadamente 40 anos de idade e morador na comunidade dos Vigilino, em S\u00e3o Francisco do Gl\u00f3ria, morreu atropelado na BR-116 no in\u00edcio da noite deste domingo.<\/span><\/p>\n<p>Nossa reportagem foi at\u00e9 ao local e apurou que o acidente aconteceu pouco depois das 18 horas e segundo o motorista de uma Van, que viajava de Pedra Bonita-MG para Curitiba-PR, tudo aconteceu quando ele foi surpreendido pelo homem no meio da pista, e mesmo tentando tirar ao m\u00e1ximo e evitar uma trag\u00e9dia, pois logo atr\u00e1s estava vindo uma carreta, o pedestre foi atingido pela Van e caiu no lado oposto da pista, percebendo que ele j\u00e1 deveria estar sem vida.<\/p>\n<p>\u201cDiante do fato, procurei este posto de gasolina, o mais pr\u00f3ximo do local e pedi que fossem acionadas as autoridades, Pol\u00edcia Rodovi\u00e1ria Federal e Corpo de Bombeiros\u201d, disse o motorista que estava muito assustado. O Corpo de Bombeiros foi at\u00e9 ao local mais nada pode ser feito. A Pol\u00edcia Rodovi\u00e1ria Federal esteve no local para controlar o tr\u00e2nsito, isolar o local onde estava o corpo, registrar a ocorr\u00eancia e apurar as causas do acidente. O corpo ser\u00e1 liberado e enviado ao IML de Muria\u00e9, sendo transportado por uma Funer\u00e1ria de Fervedouro. O acidente aconteceu entre Miradouro e S\u00e3o Francisco do Gl\u00f3ria, a menos de 1 Km de Bicu\u00edba.<\/p>\n<p>Colabora\u00e7\u00e3o: silvanalves.com.br<\/p>\n","protected":false},"excerpt":{"rendered":"<p>Um trabalhador rural, de aproximadamente 40 anos de idade e morador na comunidade dos Vigilino, em S\u00e3o Francisco do Gl\u00f3ria, morreu atropelado na BR-116 no in\u00edcio da noite deste domingo. Nossa reportagem foi at\u00e9 ao local e apurou que o acidente aconteceu pouco depois das 18 horas e segundo o motorista de uma Van, que [&hellip;]<\/p>\n","protected":false},"author":2,"featured_media":0,"comment_status":"open","ping_status":"open","sticky":false,"template":"","format":"standard","meta":{"footnotes":""},"categories":[1],"tags":[],"class_list":["post-1965","post","type-post","status-publish","format-standard","hentry","category-sem-categoria"],"_links":{"self":[{"href":"http:\/\/paulorobertodaradio.com.br\/site\/index.php?rest_route=\/wp\/v2\/posts\/1965","targetHints":{"allow":["GET"]}}],"collection":[{"href":"http:\/\/paulorobertodaradio.com.br\/site\/index.php?rest_route=\/wp\/v2\/posts"}],"about":[{"href":"http:\/\/paulorobertodaradio.com.br\/site\/index.php?rest_route=\/wp\/v2\/types\/post"}],"author":[{"embeddable":true,"href":"http:\/\/paulorobertodaradio.com.br\/site\/index.php?rest_route=\/wp\/v2\/users\/2"}],"replies":[{"embeddable":true,"href":"http:\/\/paulorobertodaradio.com.br\/site\/index.php?rest_route=%2Fwp%2Fv2%2Fcomments&post=1965"}],"version-history":[{"count":1,"href":"http:\/\/paulorobertodaradio.com.br\/site\/index.php?rest_route=\/wp\/v2\/posts\/1965\/revisions"}],"predecessor-version":[{"id":1967,"href":"http:\/\/paulorobertodaradio.com.br\/site\/index.php?rest_route=\/wp\/v2\/posts\/1965\/revisions\/1967"}],"wp:attachment":[{"href":"http:\/\/paulorobertodaradio.com.br\/site\/index.php?rest_route=%2Fwp%2Fv2%2Fmedia&parent=1965"}],"wp:term":[{"taxonomy":"category","embeddable":true,"href":"http:\/\/paulorobertodaradio.com.br\/site\/index.php?rest_route=%2Fwp%2Fv2%2Fcategories&post=1965"},{"taxonomy":"post_tag","embeddable":true,"href":"http:\/\/paulorobertodaradio.com.br\/site\/index.php?rest_route=%2Fwp%2Fv2%2Ftags&post=1965"}],"curies":[{"name":"wp","href":"https:\/\/api.w.org\/{rel}","templated":true}]}}