{"id":1972,"date":"2014-06-02T01:50:57","date_gmt":"2014-06-02T04:50:57","guid":{"rendered":"http:\/\/paulorobertodaradio.com.br\/site\/?p=1972"},"modified":"2014-06-02T01:52:32","modified_gmt":"2014-06-02T04:52:32","slug":"1972","status":"publish","type":"post","link":"http:\/\/paulorobertodaradio.com.br\/site\/?p=1972","title":{"rendered":"EM  MIRADOURO:  TRILHEROS EM MOVIMENTO"},"content":{"rendered":"<p><a href=\"http:\/\/paulorobertodaradio.com.br\/site\/wp-content\/uploads\/2014\/06\/TRILHA02.jpg\"><img loading=\"lazy\" decoding=\"async\" class=\"aligncenter size-full wp-image-1975\" alt=\"TRILHA02\" src=\"http:\/\/paulorobertodaradio.com.br\/site\/wp-content\/uploads\/2014\/06\/TRILHA02.jpg\" width=\"640\" height=\"480\" srcset=\"http:\/\/paulorobertodaradio.com.br\/site\/wp-content\/uploads\/2014\/06\/TRILHA02.jpg 640w, http:\/\/paulorobertodaradio.com.br\/site\/wp-content\/uploads\/2014\/06\/TRILHA02-300x225.jpg 300w, http:\/\/paulorobertodaradio.com.br\/site\/wp-content\/uploads\/2014\/06\/TRILHA02-624x468.jpg 624w\" sizes=\"auto, (max-width: 640px) 100vw, 640px\" \/><\/a><a href=\"http:\/\/paulorobertodaradio.com.br\/site\/wp-content\/uploads\/2014\/06\/TRAFIC-02.jpg\"><br \/>\n<\/a>Neste domingo 1\u00ba de Junho aconteceu o 1\u00ba Trilh\u00e3o de Miradouro, o evento esportivo foi uma realiza\u00e7\u00e3o do Bloco \u201cToma-Toma\u201d e \u201cTRIMIRA\u201d, organizado pelos Miradourenses, Luciano \u201cTil\u00fa\u201d, Juninho e Guilherme com apoio do comercio local e empresas da regi\u00e3o.<\/p>\n<p>O evento teve in\u00edcio \u00e0s 08h00min com um delicioso caf\u00e9 da manh\u00e3 patrocinado pelo Mercado Central e a empresa Godan. Logo ap\u00f3s se organizarem no Parque de Exposi\u00e7\u00f5es Amaro Acelino de Andrade os Trilheiros deslocaram a Igreja Matriz .<br \/>\n<a href=\"http:\/\/paulorobertodaradio.com.br\/site\/wp-content\/uploads\/2014\/06\/TRILHA01.jpg\"><img loading=\"lazy\" decoding=\"async\" class=\"aligncenter size-full wp-image-1973\" alt=\"TRILHA01\" src=\"http:\/\/paulorobertodaradio.com.br\/site\/wp-content\/uploads\/2014\/06\/TRILHA01.jpg\" width=\"640\" height=\"480\" srcset=\"http:\/\/paulorobertodaradio.com.br\/site\/wp-content\/uploads\/2014\/06\/TRILHA01.jpg 640w, http:\/\/paulorobertodaradio.com.br\/site\/wp-content\/uploads\/2014\/06\/TRILHA01-300x225.jpg 300w, http:\/\/paulorobertodaradio.com.br\/site\/wp-content\/uploads\/2014\/06\/TRILHA01-624x468.jpg 624w\" sizes=\"auto, (max-width: 640px) 100vw, 640px\" \/><\/a>A Policia Militar de Miradouro escoltou os trilheiros no per\u00edmetro urbano e logo ap\u00f3s os trilheiros come\u00e7aram o percurso iniciando pr\u00f3ximo ao Posto Timboz\u00e3o, passando pelo trecho mais emocionante pr\u00f3ximo a Torres de Telefonia, onde o grau de dificuldade foi muito alto, at\u00e9 alcan\u00e7arem o topo foram muitos tombos, mas com a ajuda dos organizadores e volunt\u00e1rios todos chegaram ilesos.<\/p>\n<p>Os Trilheiros continuaram percurso passando pr\u00f3ximo a maquina de caf\u00e9 do Cloves Botelho, onde tiveram mais um trecho repleto de adrenalina, passando por um lama\u00e7al de um brejo, em seguida pararam para descansar e recarregar as energias na Fazenda Azul.<\/p>\n<p>Continuando o percurso eles foram pr\u00f3ximo ao povoado de Santa B\u00e1rbara, retornando pela estrada da cachoeira do Pai In\u00e1cio, voltando para o ponto de partida no Parque de Exposi\u00e7\u00f5es, por volta das 15h00min, totalizando um trajeto de 40 quil\u00f4metros de pura adrenalina. Ao chegarem, saborearam um delicioso almo\u00e7o e logo ap\u00f3s teve show com a Banda de Rock \u201cFluir\u201d e DJ Caz\u00e9 Mineiro.<a href=\"http:\/\/paulorobertodaradio.com.br\/site\/wp-content\/uploads\/2014\/06\/TRILHA03.jpg\"><img loading=\"lazy\" decoding=\"async\" class=\"aligncenter size-full wp-image-1976\" alt=\"TRILHA03\" src=\"http:\/\/paulorobertodaradio.com.br\/site\/wp-content\/uploads\/2014\/06\/TRILHA03.jpg\" width=\"640\" height=\"480\" srcset=\"http:\/\/paulorobertodaradio.com.br\/site\/wp-content\/uploads\/2014\/06\/TRILHA03.jpg 640w, http:\/\/paulorobertodaradio.com.br\/site\/wp-content\/uploads\/2014\/06\/TRILHA03-300x225.jpg 300w, http:\/\/paulorobertodaradio.com.br\/site\/wp-content\/uploads\/2014\/06\/TRILHA03-624x468.jpg 624w\" sizes=\"auto, (max-width: 640px) 100vw, 640px\" \/><\/a> <a href=\"http:\/\/paulorobertodaradio.com.br\/site\/wp-content\/uploads\/2014\/06\/TRILHA04.jpg\"><img loading=\"lazy\" decoding=\"async\" class=\"aligncenter size-full wp-image-1977\" alt=\"TRILHA04\" src=\"http:\/\/paulorobertodaradio.com.br\/site\/wp-content\/uploads\/2014\/06\/TRILHA04.jpg\" width=\"640\" height=\"480\" srcset=\"http:\/\/paulorobertodaradio.com.br\/site\/wp-content\/uploads\/2014\/06\/TRILHA04.jpg 640w, http:\/\/paulorobertodaradio.com.br\/site\/wp-content\/uploads\/2014\/06\/TRILHA04-300x225.jpg 300w, http:\/\/paulorobertodaradio.com.br\/site\/wp-content\/uploads\/2014\/06\/TRILHA04-624x468.jpg 624w\" sizes=\"auto, (max-width: 640px) 100vw, 640px\" \/><\/a> <a href=\"http:\/\/paulorobertodaradio.com.br\/site\/wp-content\/uploads\/2014\/06\/TRILHA05.jpg\"><img loading=\"lazy\" decoding=\"async\" class=\"aligncenter size-full wp-image-1978\" alt=\"TRILHA05\" src=\"http:\/\/paulorobertodaradio.com.br\/site\/wp-content\/uploads\/2014\/06\/TRILHA05.jpg\" width=\"640\" height=\"480\" srcset=\"http:\/\/paulorobertodaradio.com.br\/site\/wp-content\/uploads\/2014\/06\/TRILHA05.jpg 640w, http:\/\/paulorobertodaradio.com.br\/site\/wp-content\/uploads\/2014\/06\/TRILHA05-300x225.jpg 300w, http:\/\/paulorobertodaradio.com.br\/site\/wp-content\/uploads\/2014\/06\/TRILHA05-624x468.jpg 624w\" sizes=\"auto, (max-width: 640px) 100vw, 640px\" \/><\/a> <a href=\"http:\/\/paulorobertodaradio.com.br\/site\/wp-content\/uploads\/2014\/06\/TRILHA06.jpg\"><img loading=\"lazy\" decoding=\"async\" class=\"aligncenter size-full wp-image-1979\" alt=\"TRILHA06\" src=\"http:\/\/paulorobertodaradio.com.br\/site\/wp-content\/uploads\/2014\/06\/TRILHA06.jpg\" width=\"640\" height=\"480\" srcset=\"http:\/\/paulorobertodaradio.com.br\/site\/wp-content\/uploads\/2014\/06\/TRILHA06.jpg 640w, http:\/\/paulorobertodaradio.com.br\/site\/wp-content\/uploads\/2014\/06\/TRILHA06-300x225.jpg 300w, http:\/\/paulorobertodaradio.com.br\/site\/wp-content\/uploads\/2014\/06\/TRILHA06-624x468.jpg 624w\" sizes=\"auto, (max-width: 640px) 100vw, 640px\" \/><\/a> <a href=\"http:\/\/paulorobertodaradio.com.br\/site\/wp-content\/uploads\/2014\/06\/TRILHA07.jpg\"><img loading=\"lazy\" decoding=\"async\" class=\"aligncenter size-full wp-image-1980\" alt=\"TRILHA07\" src=\"http:\/\/paulorobertodaradio.com.br\/site\/wp-content\/uploads\/2014\/06\/TRILHA07.jpg\" width=\"640\" height=\"480\" srcset=\"http:\/\/paulorobertodaradio.com.br\/site\/wp-content\/uploads\/2014\/06\/TRILHA07.jpg 640w, http:\/\/paulorobertodaradio.com.br\/site\/wp-content\/uploads\/2014\/06\/TRILHA07-300x225.jpg 300w, http:\/\/paulorobertodaradio.com.br\/site\/wp-content\/uploads\/2014\/06\/TRILHA07-624x468.jpg 624w\" sizes=\"auto, (max-width: 640px) 100vw, 640px\" \/><\/a><\/p>\n<p>&nbsp;<\/p>\n<p>Colabora\u00e7\u00e3o: miradouronoticias.com<\/p>\n","protected":false},"excerpt":{"rendered":"<p>Neste domingo 1\u00ba de Junho aconteceu o 1\u00ba Trilh\u00e3o de Miradouro, o evento esportivo foi uma realiza\u00e7\u00e3o do Bloco \u201cToma-Toma\u201d e \u201cTRIMIRA\u201d, organizado pelos Miradourenses, Luciano \u201cTil\u00fa\u201d, Juninho e Guilherme com apoio do comercio local e empresas da regi\u00e3o. O evento teve in\u00edcio \u00e0s 08h00min com um delicioso caf\u00e9 da manh\u00e3 patrocinado pelo Mercado Central [&hellip;]<\/p>\n","protected":false},"author":2,"featured_media":0,"comment_status":"open","ping_status":"open","sticky":false,"template":"","format":"standard","meta":{"footnotes":""},"categories":[1],"tags":[],"class_list":["post-1972","post","type-post","status-publish","format-standard","hentry","category-sem-categoria"],"_links":{"self":[{"href":"http:\/\/paulorobertodaradio.com.br\/site\/index.php?rest_route=\/wp\/v2\/posts\/1972","targetHints":{"allow":["GET"]}}],"collection":[{"href":"http:\/\/paulorobertodaradio.com.br\/site\/index.php?rest_route=\/wp\/v2\/posts"}],"about":[{"href":"http:\/\/paulorobertodaradio.com.br\/site\/index.php?rest_route=\/wp\/v2\/types\/post"}],"author":[{"embeddable":true,"href":"http:\/\/paulorobertodaradio.com.br\/site\/index.php?rest_route=\/wp\/v2\/users\/2"}],"replies":[{"embeddable":true,"href":"http:\/\/paulorobertodaradio.com.br\/site\/index.php?rest_route=%2Fwp%2Fv2%2Fcomments&post=1972"}],"version-history":[{"count":3,"href":"http:\/\/paulorobertodaradio.com.br\/site\/index.php?rest_route=\/wp\/v2\/posts\/1972\/revisions"}],"predecessor-version":[{"id":1982,"href":"http:\/\/paulorobertodaradio.com.br\/site\/index.php?rest_route=\/wp\/v2\/posts\/1972\/revisions\/1982"}],"wp:attachment":[{"href":"http:\/\/paulorobertodaradio.com.br\/site\/index.php?rest_route=%2Fwp%2Fv2%2Fmedia&parent=1972"}],"wp:term":[{"taxonomy":"category","embeddable":true,"href":"http:\/\/paulorobertodaradio.com.br\/site\/index.php?rest_route=%2Fwp%2Fv2%2Fcategories&post=1972"},{"taxonomy":"post_tag","embeddable":true,"href":"http:\/\/paulorobertodaradio.com.br\/site\/index.php?rest_route=%2Fwp%2Fv2%2Ftags&post=1972"}],"curies":[{"name":"wp","href":"https:\/\/api.w.org\/{rel}","templated":true}]}}