{"id":1985,"date":"2014-06-03T10:26:20","date_gmt":"2014-06-03T13:26:20","guid":{"rendered":"http:\/\/paulorobertodaradio.com.br\/site\/?p=1985"},"modified":"2014-06-03T10:26:20","modified_gmt":"2014-06-03T13:26:20","slug":"em-muriae-homem-e-vitima-de-disparos-pela-segunda-vez-em-menos-de-24-horas","status":"publish","type":"post","link":"http:\/\/paulorobertodaradio.com.br\/site\/?p=1985","title":{"rendered":"EM MURIA\u00c9: HOMEM \u00c9 V\u00cdTIMA DE DISPAROS PELA SEGUNDA VEZ, EM MENOS DE 24 HORAS"},"content":{"rendered":"<p><span style=\"line-height: 1.714285714; font-size: 1rem;\"><a href=\"http:\/\/paulorobertodaradio.com.br\/site\/wp-content\/uploads\/2014\/06\/POLICIA-HOSPITAL.jpg\"><img loading=\"lazy\" decoding=\"async\" class=\"aligncenter size-full wp-image-1986\" alt=\"POLICIA HOSPITAL\" src=\"http:\/\/paulorobertodaradio.com.br\/site\/wp-content\/uploads\/2014\/06\/POLICIA-HOSPITAL.jpg\" width=\"450\" height=\"300\" srcset=\"http:\/\/paulorobertodaradio.com.br\/site\/wp-content\/uploads\/2014\/06\/POLICIA-HOSPITAL.jpg 450w, http:\/\/paulorobertodaradio.com.br\/site\/wp-content\/uploads\/2014\/06\/POLICIA-HOSPITAL-300x200.jpg 300w\" sizes=\"auto, (max-width: 450px) 100vw, 450px\" \/><\/a>Um homem foi baleado pela segunda vez, nas \u00faltimas 48 horas, no bairro Aeroporto, onde mora. Desta vez o fato ocorreu na noite desta segunda-feira (2), por volta de 21 horas e a v\u00edtima foi socorrida por populares e encaminhada ao Hospital S\u00e3o Paulo, onde foi atendida e n\u00e3o corre risco de morte. A Pol\u00edcia Militar foi ao bairro e ningu\u00e9m deu nenhuma informa\u00e7\u00e3o sobre o fato. No HSP a v\u00edtima tamb\u00e9m disse n\u00e3o saber quem foi o autor dos tiros e muito menos a motiva\u00e7\u00e3o para o crime.<\/span><\/p>\n<p>Na noite de s\u00e1bado (31), o mesmo homem j\u00e1 havia sido v\u00edtima de tiros, onde foi atingido em uma das pernas e socorrido pelos Bombeiros para o Hospital S\u00e3o Paulo. Assim como nesta segunda, ele n\u00e3o soube informar quem seria o autor dos disparos.<\/p>\n<p>Colabora\u00e7\u00e3o: interligadoonline.com<\/p>\n","protected":false},"excerpt":{"rendered":"<p>Um homem foi baleado pela segunda vez, nas \u00faltimas 48 horas, no bairro Aeroporto, onde mora. Desta vez o fato ocorreu na noite desta segunda-feira (2), por volta de 21 horas e a v\u00edtima foi socorrida por populares e encaminhada ao Hospital S\u00e3o Paulo, onde foi atendida e n\u00e3o corre risco de morte. A Pol\u00edcia [&hellip;]<\/p>\n","protected":false},"author":2,"featured_media":0,"comment_status":"open","ping_status":"open","sticky":false,"template":"","format":"standard","meta":{"footnotes":""},"categories":[1],"tags":[],"class_list":["post-1985","post","type-post","status-publish","format-standard","hentry","category-sem-categoria"],"_links":{"self":[{"href":"http:\/\/paulorobertodaradio.com.br\/site\/index.php?rest_route=\/wp\/v2\/posts\/1985","targetHints":{"allow":["GET"]}}],"collection":[{"href":"http:\/\/paulorobertodaradio.com.br\/site\/index.php?rest_route=\/wp\/v2\/posts"}],"about":[{"href":"http:\/\/paulorobertodaradio.com.br\/site\/index.php?rest_route=\/wp\/v2\/types\/post"}],"author":[{"embeddable":true,"href":"http:\/\/paulorobertodaradio.com.br\/site\/index.php?rest_route=\/wp\/v2\/users\/2"}],"replies":[{"embeddable":true,"href":"http:\/\/paulorobertodaradio.com.br\/site\/index.php?rest_route=%2Fwp%2Fv2%2Fcomments&post=1985"}],"version-history":[{"count":2,"href":"http:\/\/paulorobertodaradio.com.br\/site\/index.php?rest_route=\/wp\/v2\/posts\/1985\/revisions"}],"predecessor-version":[{"id":1988,"href":"http:\/\/paulorobertodaradio.com.br\/site\/index.php?rest_route=\/wp\/v2\/posts\/1985\/revisions\/1988"}],"wp:attachment":[{"href":"http:\/\/paulorobertodaradio.com.br\/site\/index.php?rest_route=%2Fwp%2Fv2%2Fmedia&parent=1985"}],"wp:term":[{"taxonomy":"category","embeddable":true,"href":"http:\/\/paulorobertodaradio.com.br\/site\/index.php?rest_route=%2Fwp%2Fv2%2Fcategories&post=1985"},{"taxonomy":"post_tag","embeddable":true,"href":"http:\/\/paulorobertodaradio.com.br\/site\/index.php?rest_route=%2Fwp%2Fv2%2Ftags&post=1985"}],"curies":[{"name":"wp","href":"https:\/\/api.w.org\/{rel}","templated":true}]}}