{"id":1989,"date":"2014-06-03T11:36:42","date_gmt":"2014-06-03T14:36:42","guid":{"rendered":"http:\/\/paulorobertodaradio.com.br\/site\/?p=1989"},"modified":"2014-06-03T13:16:21","modified_gmt":"2014-06-03T16:16:21","slug":"em-muriae-feira-no-centro-causa-problemas-e-insatisfacao","status":"publish","type":"post","link":"http:\/\/paulorobertodaradio.com.br\/site\/?p=1989","title":{"rendered":"EM MURIA\u00c9: FEIRA NO CENTRO CAUSA PROBLEMAS E INSATISFA\u00c7\u00c3O"},"content":{"rendered":"<p><span style=\"line-height: 1.714285714; font-size: 1rem;\"><a href=\"http:\/\/paulorobertodaradio.com.br\/site\/wp-content\/uploads\/2014\/06\/FEIRA-01.jpg\"><img loading=\"lazy\" decoding=\"async\" class=\"aligncenter size-full wp-image-1990\" alt=\"FEIRA 01\" src=\"http:\/\/paulorobertodaradio.com.br\/site\/wp-content\/uploads\/2014\/06\/FEIRA-01.jpg\" width=\"450\" height=\"299\" srcset=\"http:\/\/paulorobertodaradio.com.br\/site\/wp-content\/uploads\/2014\/06\/FEIRA-01.jpg 450w, http:\/\/paulorobertodaradio.com.br\/site\/wp-content\/uploads\/2014\/06\/FEIRA-01-300x199.jpg 300w\" sizes=\"auto, (max-width: 450px) 100vw, 450px\" \/><\/a>Por causa do in\u00edcio das obras de reconstru\u00e7\u00e3o do muro que caiu no prolongamento da Avenida J.K, onde era realizada a feira livre todos os domingos, ficou decidido que j\u00e1 neste domingo (1\u00ba), at\u00e9 o t\u00e9rmino das obras, a feira seria realizada no Mercado do Produtor, no Centro, onde j\u00e1 \u00e9 realizada \u00e0s quartas e s\u00e1bados.<\/span><\/p>\n<p>Mas o que se viu foi muita confus\u00e3o no tr\u00e2nsito, j\u00e1 que o espa\u00e7o n\u00e3o \u00e9 suficiente para os ve\u00edculos dos feirantes, dos clientes e barracas extras e a maioria dos clientes resolveram estacionar do lado de fora, onde \u00e9 proibido. E a insatisfa\u00e7\u00e3o dos feirantes tamb\u00e9m foi flagrante, j\u00e1 que o espa\u00e7o fica reduzido e atrapalha nas vendas.<\/p>\n<p><a href=\"http:\/\/paulorobertodaradio.com.br\/site\/wp-content\/uploads\/2014\/06\/FEIRA-02.jpg\"><img loading=\"lazy\" decoding=\"async\" class=\"aligncenter size-full wp-image-1991\" alt=\"FEIRA 02\" src=\"http:\/\/paulorobertodaradio.com.br\/site\/wp-content\/uploads\/2014\/06\/FEIRA-02.jpg\" width=\"450\" height=\"299\" srcset=\"http:\/\/paulorobertodaradio.com.br\/site\/wp-content\/uploads\/2014\/06\/FEIRA-02.jpg 450w, http:\/\/paulorobertodaradio.com.br\/site\/wp-content\/uploads\/2014\/06\/FEIRA-02-300x199.jpg 300w\" sizes=\"auto, (max-width: 450px) 100vw, 450px\" \/><\/a>Diversos motorista foram multados e tiveram seus ve\u00edculos rebocados pelo p\u00e1tio credenciado por estarem estacionados em local proibido (trevo do Vitrines).<br \/>\nA Pol\u00edcia Militar foi chamada para evitar a entrada de ve\u00edculos no recinto da feira.<a href=\"http:\/\/paulorobertodaradio.com.br\/site\/wp-content\/uploads\/2014\/06\/FEIRA-03.jpg\"><img loading=\"lazy\" decoding=\"async\" class=\"aligncenter size-full wp-image-1992\" alt=\"FEIRA 03\" src=\"http:\/\/paulorobertodaradio.com.br\/site\/wp-content\/uploads\/2014\/06\/FEIRA-03.jpg\" width=\"450\" height=\"301\" srcset=\"http:\/\/paulorobertodaradio.com.br\/site\/wp-content\/uploads\/2014\/06\/FEIRA-03.jpg 450w, http:\/\/paulorobertodaradio.com.br\/site\/wp-content\/uploads\/2014\/06\/FEIRA-03-300x200.jpg 300w\" sizes=\"auto, (max-width: 450px) 100vw, 450px\" \/><\/a><\/p>\n","protected":false},"excerpt":{"rendered":"<p>Por causa do in\u00edcio das obras de reconstru\u00e7\u00e3o do muro que caiu no prolongamento da Avenida J.K, onde era realizada a feira livre todos os domingos, ficou decidido que j\u00e1 neste domingo (1\u00ba), at\u00e9 o t\u00e9rmino das obras, a feira seria realizada no Mercado do Produtor, no Centro, onde j\u00e1 \u00e9 realizada \u00e0s quartas e [&hellip;]<\/p>\n","protected":false},"author":2,"featured_media":0,"comment_status":"open","ping_status":"open","sticky":false,"template":"","format":"standard","meta":{"footnotes":""},"categories":[1],"tags":[],"class_list":["post-1989","post","type-post","status-publish","format-standard","hentry","category-sem-categoria"],"_links":{"self":[{"href":"http:\/\/paulorobertodaradio.com.br\/site\/index.php?rest_route=\/wp\/v2\/posts\/1989","targetHints":{"allow":["GET"]}}],"collection":[{"href":"http:\/\/paulorobertodaradio.com.br\/site\/index.php?rest_route=\/wp\/v2\/posts"}],"about":[{"href":"http:\/\/paulorobertodaradio.com.br\/site\/index.php?rest_route=\/wp\/v2\/types\/post"}],"author":[{"embeddable":true,"href":"http:\/\/paulorobertodaradio.com.br\/site\/index.php?rest_route=\/wp\/v2\/users\/2"}],"replies":[{"embeddable":true,"href":"http:\/\/paulorobertodaradio.com.br\/site\/index.php?rest_route=%2Fwp%2Fv2%2Fcomments&post=1989"}],"version-history":[{"count":3,"href":"http:\/\/paulorobertodaradio.com.br\/site\/index.php?rest_route=\/wp\/v2\/posts\/1989\/revisions"}],"predecessor-version":[{"id":1994,"href":"http:\/\/paulorobertodaradio.com.br\/site\/index.php?rest_route=\/wp\/v2\/posts\/1989\/revisions\/1994"}],"wp:attachment":[{"href":"http:\/\/paulorobertodaradio.com.br\/site\/index.php?rest_route=%2Fwp%2Fv2%2Fmedia&parent=1989"}],"wp:term":[{"taxonomy":"category","embeddable":true,"href":"http:\/\/paulorobertodaradio.com.br\/site\/index.php?rest_route=%2Fwp%2Fv2%2Fcategories&post=1989"},{"taxonomy":"post_tag","embeddable":true,"href":"http:\/\/paulorobertodaradio.com.br\/site\/index.php?rest_route=%2Fwp%2Fv2%2Ftags&post=1989"}],"curies":[{"name":"wp","href":"https:\/\/api.w.org\/{rel}","templated":true}]}}