{"id":2000,"date":"2014-06-03T13:27:18","date_gmt":"2014-06-03T16:27:18","guid":{"rendered":"http:\/\/paulorobertodaradio.com.br\/site\/?p=2000"},"modified":"2014-06-03T13:27:50","modified_gmt":"2014-06-03T16:27:50","slug":"em-goias-mae-le-diario-da-filha-de-9-anos-e-descobre-abuso-sexual","status":"publish","type":"post","link":"http:\/\/paulorobertodaradio.com.br\/site\/?p=2000","title":{"rendered":"EM GOI\u00c1S: M\u00c3E L\u00ca DI\u00c1RIO DA FILHA DE 9 ANOS E DESCOBRE ABUSO SEXUAL."},"content":{"rendered":"<p><a href=\"http:\/\/paulorobertodaradio.com.br\/site\/wp-content\/uploads\/2014\/06\/estupro011.jpg\"><br \/>\n<\/a> <a href=\"http:\/\/paulorobertodaradio.com.br\/site\/wp-content\/uploads\/2014\/06\/ESTUPRO03.jpg\"><img loading=\"lazy\" decoding=\"async\" class=\"aligncenter size-full wp-image-2002\" alt=\"ESTUPRO03\" src=\"http:\/\/paulorobertodaradio.com.br\/site\/wp-content\/uploads\/2014\/06\/ESTUPRO03.jpg\" width=\"333\" height=\"500\" srcset=\"http:\/\/paulorobertodaradio.com.br\/site\/wp-content\/uploads\/2014\/06\/ESTUPRO03.jpg 333w, http:\/\/paulorobertodaradio.com.br\/site\/wp-content\/uploads\/2014\/06\/ESTUPRO03-199x300.jpg 199w\" sizes=\"auto, (max-width: 333px) 100vw, 333px\" \/><\/a><br \/>\nUma m\u00e3e de Goi\u00e1s descobriu que sua filha, de nove anos, era abusada ao ler o di\u00e1rio da menina.<br \/>\nNas p\u00e1ginas, a crian\u00e7a contava que n\u00e3o gostava do que era obrigada a fazer com o av\u00f4 e outros tr\u00eas homens pr\u00f3ximos da fam\u00edlia: seu padrinho, o marido da av\u00f3 e o padrinho da irm\u00e3.<br \/>\nOs abusos aconteciam desde que a menina era pequena, mas na \u00e9poca ela n\u00e3o entendia o que estava acontecendo.<br \/>\nA m\u00e3e levou o di\u00e1rio para a pol\u00edcia, que investigou o caso e prendeu os quatro suspeitos de cometer o crime.<br \/>\nApesar do exame de corpo de delito ter mostrado que n\u00e3o houve rela\u00e7\u00e3o sexual, eles devem ser indiciados por estupro de vulner\u00e1vel.<br \/>\nA menina foi avaliada por uma psic\u00f3loga e foi constatado um trauma por experi\u00eancia sexual anormal.<\/p>\n<p>fonte: ag\u00eancia radio 2- Rep\u00f3rter: Ana Tralli<\/p>\n","protected":false},"excerpt":{"rendered":"<p>Uma m\u00e3e de Goi\u00e1s descobriu que sua filha, de nove anos, era abusada ao ler o di\u00e1rio da menina. Nas p\u00e1ginas, a crian\u00e7a contava que n\u00e3o gostava do que era obrigada a fazer com o av\u00f4 e outros tr\u00eas homens pr\u00f3ximos da fam\u00edlia: seu padrinho, o marido da av\u00f3 e o padrinho da irm\u00e3. Os [&hellip;]<\/p>\n","protected":false},"author":2,"featured_media":0,"comment_status":"open","ping_status":"open","sticky":false,"template":"","format":"standard","meta":{"footnotes":""},"categories":[1],"tags":[],"class_list":["post-2000","post","type-post","status-publish","format-standard","hentry","category-sem-categoria"],"_links":{"self":[{"href":"http:\/\/paulorobertodaradio.com.br\/site\/index.php?rest_route=\/wp\/v2\/posts\/2000","targetHints":{"allow":["GET"]}}],"collection":[{"href":"http:\/\/paulorobertodaradio.com.br\/site\/index.php?rest_route=\/wp\/v2\/posts"}],"about":[{"href":"http:\/\/paulorobertodaradio.com.br\/site\/index.php?rest_route=\/wp\/v2\/types\/post"}],"author":[{"embeddable":true,"href":"http:\/\/paulorobertodaradio.com.br\/site\/index.php?rest_route=\/wp\/v2\/users\/2"}],"replies":[{"embeddable":true,"href":"http:\/\/paulorobertodaradio.com.br\/site\/index.php?rest_route=%2Fwp%2Fv2%2Fcomments&post=2000"}],"version-history":[{"count":2,"href":"http:\/\/paulorobertodaradio.com.br\/site\/index.php?rest_route=\/wp\/v2\/posts\/2000\/revisions"}],"predecessor-version":[{"id":2004,"href":"http:\/\/paulorobertodaradio.com.br\/site\/index.php?rest_route=\/wp\/v2\/posts\/2000\/revisions\/2004"}],"wp:attachment":[{"href":"http:\/\/paulorobertodaradio.com.br\/site\/index.php?rest_route=%2Fwp%2Fv2%2Fmedia&parent=2000"}],"wp:term":[{"taxonomy":"category","embeddable":true,"href":"http:\/\/paulorobertodaradio.com.br\/site\/index.php?rest_route=%2Fwp%2Fv2%2Fcategories&post=2000"},{"taxonomy":"post_tag","embeddable":true,"href":"http:\/\/paulorobertodaradio.com.br\/site\/index.php?rest_route=%2Fwp%2Fv2%2Ftags&post=2000"}],"curies":[{"name":"wp","href":"https:\/\/api.w.org\/{rel}","templated":true}]}}