{"id":2005,"date":"2014-06-04T09:36:32","date_gmt":"2014-06-04T12:36:32","guid":{"rendered":"http:\/\/paulorobertodaradio.com.br\/site\/?p=2005"},"modified":"2014-06-04T09:36:32","modified_gmt":"2014-06-04T12:36:32","slug":"em-muriae-tiroteio-na-manha-de-hoje-assusta-moradores-do-sao-jose","status":"publish","type":"post","link":"http:\/\/paulorobertodaradio.com.br\/site\/?p=2005","title":{"rendered":"EM MURIA\u00c9: TIROTEIO NA MANHA DE HOJE ASSUSTA MORADORES  DO S\u00c3O JOS\u00c9."},"content":{"rendered":"<p><span style=\"line-height: 1.714285714; font-size: 1rem;\"><a href=\"http:\/\/paulorobertodaradio.com.br\/site\/wp-content\/uploads\/2014\/06\/tiroteio01.jpg\"><img loading=\"lazy\" decoding=\"async\" class=\"aligncenter size-full wp-image-2006\" alt=\"tiroteio01\" src=\"http:\/\/paulorobertodaradio.com.br\/site\/wp-content\/uploads\/2014\/06\/tiroteio01.jpg\" width=\"620\" height=\"465\" srcset=\"http:\/\/paulorobertodaradio.com.br\/site\/wp-content\/uploads\/2014\/06\/tiroteio01.jpg 620w, http:\/\/paulorobertodaradio.com.br\/site\/wp-content\/uploads\/2014\/06\/tiroteio01-300x225.jpg 300w\" sizes=\"auto, (max-width: 620px) 100vw, 620px\" \/><\/a>Um tiroteio no bairro S\u00e3o Jos\u00e9 entre as ruas Prefeito Francisco Teodoro Filho e Paulo Roberto Guimar\u00e3es, assustou e provocou correria na comunidade, uma vez que o fato aconteceu pouco antes das 07 horas, quando os moradores saiam para o trabalho e as crian\u00e7as e adolescentes para a escola. De imediato, a Pol\u00edcia Militar enviou v\u00e1rias viaturas para o local e come\u00e7ou a fazer o levantamento para chegar aos autores que estariam em uma moto. O motivo da troca de tiros ainda n\u00e3o foi informado. Foram mais de 30 disparos segundo os moradores.<a href=\"http:\/\/paulorobertodaradio.com.br\/site\/wp-content\/uploads\/2014\/06\/tiroteio02.jpg\"><img loading=\"lazy\" decoding=\"async\" class=\"aligncenter size-full wp-image-2007\" alt=\"tiroteio02\" src=\"http:\/\/paulorobertodaradio.com.br\/site\/wp-content\/uploads\/2014\/06\/tiroteio02.jpg\" width=\"620\" height=\"465\" srcset=\"http:\/\/paulorobertodaradio.com.br\/site\/wp-content\/uploads\/2014\/06\/tiroteio02.jpg 620w, http:\/\/paulorobertodaradio.com.br\/site\/wp-content\/uploads\/2014\/06\/tiroteio02-300x225.jpg 300w\" sizes=\"auto, (max-width: 620px) 100vw, 620px\" \/><\/a><\/span><\/p>\n<p>&nbsp;<\/p>\n<p>Colabora\u00e7\u00e3o: silvanalves.com.br<\/p>\n","protected":false},"excerpt":{"rendered":"<p>Um tiroteio no bairro S\u00e3o Jos\u00e9 entre as ruas Prefeito Francisco Teodoro Filho e Paulo Roberto Guimar\u00e3es, assustou e provocou correria na comunidade, uma vez que o fato aconteceu pouco antes das 07 horas, quando os moradores saiam para o trabalho e as crian\u00e7as e adolescentes para a escola. De imediato, a Pol\u00edcia Militar enviou [&hellip;]<\/p>\n","protected":false},"author":2,"featured_media":0,"comment_status":"open","ping_status":"open","sticky":false,"template":"","format":"standard","meta":{"footnotes":""},"categories":[1],"tags":[],"class_list":["post-2005","post","type-post","status-publish","format-standard","hentry","category-sem-categoria"],"_links":{"self":[{"href":"http:\/\/paulorobertodaradio.com.br\/site\/index.php?rest_route=\/wp\/v2\/posts\/2005","targetHints":{"allow":["GET"]}}],"collection":[{"href":"http:\/\/paulorobertodaradio.com.br\/site\/index.php?rest_route=\/wp\/v2\/posts"}],"about":[{"href":"http:\/\/paulorobertodaradio.com.br\/site\/index.php?rest_route=\/wp\/v2\/types\/post"}],"author":[{"embeddable":true,"href":"http:\/\/paulorobertodaradio.com.br\/site\/index.php?rest_route=\/wp\/v2\/users\/2"}],"replies":[{"embeddable":true,"href":"http:\/\/paulorobertodaradio.com.br\/site\/index.php?rest_route=%2Fwp%2Fv2%2Fcomments&post=2005"}],"version-history":[{"count":2,"href":"http:\/\/paulorobertodaradio.com.br\/site\/index.php?rest_route=\/wp\/v2\/posts\/2005\/revisions"}],"predecessor-version":[{"id":2009,"href":"http:\/\/paulorobertodaradio.com.br\/site\/index.php?rest_route=\/wp\/v2\/posts\/2005\/revisions\/2009"}],"wp:attachment":[{"href":"http:\/\/paulorobertodaradio.com.br\/site\/index.php?rest_route=%2Fwp%2Fv2%2Fmedia&parent=2005"}],"wp:term":[{"taxonomy":"category","embeddable":true,"href":"http:\/\/paulorobertodaradio.com.br\/site\/index.php?rest_route=%2Fwp%2Fv2%2Fcategories&post=2005"},{"taxonomy":"post_tag","embeddable":true,"href":"http:\/\/paulorobertodaradio.com.br\/site\/index.php?rest_route=%2Fwp%2Fv2%2Ftags&post=2005"}],"curies":[{"name":"wp","href":"https:\/\/api.w.org\/{rel}","templated":true}]}}